{"id":26880,"date":"2025-01-01T00:30:59","date_gmt":"2024-12-31T23:30:59","guid":{"rendered":"https:\/\/www.dayco.com\/?p=26880"},"modified":"2025-02-05T11:42:01","modified_gmt":"2025-02-05T11:42:01","slug":"curele-poly-v-elastice","status":"publish","type":"post","link":"https:\/\/www.dayco.com\/emea-ro\/products\/aftermarket-products\/curele-poly-v\/curele-poly-v-elastice\/","title":{"rendered":"Curele Poly-V Elastice"},"content":{"rendered":"[vc_row type=&#8221;in_container&#8221; full_screen_row_position=&#8221;middle&#8221; column_margin=&#8221;default&#8221; column_direction=&#8221;default&#8221; column_direction_tablet=&#8221;default&#8221; column_direction_phone=&#8221;default&#8221; scene_position=&#8221;center&#8221; text_color=&#8221;dark&#8221; text_align=&#8221;left&#8221; row_border_radius=&#8221;none&#8221; row_border_radius_applies=&#8221;bg&#8221; overflow=&#8221;visible&#8221; overlay_strength=&#8221;0.3&#8243; gradient_direction=&#8221;left_to_right&#8221; shape_divider_position=&#8221;bottom&#8221; bg_image_animation=&#8221;none&#8221;][vc_column column_padding=&#8221;no-extra-padding&#8221; column_padding_tablet=&#8221;inherit&#8221; column_padding_phone=&#8221;inherit&#8221; column_padding_position=&#8221;all&#8221; column_element_direction_desktop=&#8221;default&#8221; column_element_spacing=&#8221;default&#8221; desktop_text_alignment=&#8221;default&#8221; tablet_text_alignment=&#8221;default&#8221; phone_text_alignment=&#8221;default&#8221; background_color_opacity=&#8221;1&#8243; background_hover_color_opacity=&#8221;1&#8243; column_backdrop_filter=&#8221;none&#8221; column_shadow=&#8221;none&#8221; column_border_radius=&#8221;none&#8221; column_link_target=&#8221;_self&#8221; column_position=&#8221;default&#8221; gradient_direction=&#8221;left_to_right&#8221; overlay_strength=&#8221;0.3&#8243; width=&#8221;1\/1&#8243; tablet_width_inherit=&#8221;default&#8221; animation_type=&#8221;default&#8221; bg_image_animation=&#8221;none&#8221; border_type=&#8221;simple&#8221; column_border_width=&#8221;none&#8221; column_border_style=&#8221;solid&#8221;][vc_column_text css=&#8221;&#8221; text_direction=&#8221;default&#8221;]Sunt Poly-V speciale de nou\u0103 genera\u0163ie, care se auto-tensioneaz\u0103. Se instaleaz\u0103 \u00een cazul transmisiilor cu distan\u0163\u0103 fix\u0103 \u015fi o alungire limitat\u0103 a curelei, care contribuie la pozi\u0163ionarea corect\u0103 pe fulii. Instalarea necesit\u0103 ustensile speciale care permit \u00eentinderea \u015fi pozi\u0163ionarea corect\u0103 a curelei pe fulii. Sunt disponibile pentru motoare marca Fiat, Alfa, Peugeot, Ford, Volvo.[\/vc_column_text][\/vc_column][\/vc_row][vc_row type=&#8221;in_container&#8221; full_screen_row_position=&#8221;middle&#8221; column_margin=&#8221;default&#8221; column_direction=&#8221;default&#8221; column_direction_tablet=&#8221;default&#8221; column_direction_phone=&#8221;default&#8221; scene_position=&#8221;center&#8221; text_color=&#8221;dark&#8221; text_align=&#8221;left&#8221; row_border_radius=&#8221;none&#8221; row_border_radius_applies=&#8221;bg&#8221; overflow=&#8221;visible&#8221; overlay_strength=&#8221;0.3&#8243; gradient_direction=&#8221;left_to_right&#8221; shape_divider_position=&#8221;bottom&#8221; bg_image_animation=&#8221;none&#8221; gradient_type=&#8221;default&#8221; shape_type=&#8221;&#8221;][vc_column column_padding=&#8221;no-extra-padding&#8221; column_padding_tablet=&#8221;inherit&#8221; column_padding_phone=&#8221;inherit&#8221; column_padding_position=&#8221;all&#8221; column_element_direction_desktop=&#8221;default&#8221; column_element_spacing=&#8221;default&#8221; desktop_text_alignment=&#8221;default&#8221; tablet_text_alignment=&#8221;default&#8221; phone_text_alignment=&#8221;default&#8221; background_color_opacity=&#8221;1&#8243; background_hover_color_opacity=&#8221;1&#8243; column_backdrop_filter=&#8221;none&#8221; column_shadow=&#8221;none&#8221; column_border_radius=&#8221;none&#8221; column_link_target=&#8221;_self&#8221; column_position=&#8221;default&#8221; gradient_direction=&#8221;left_to_right&#8221; overlay_strength=&#8221;0.3&#8243; width=&#8221;1\/1&#8243; tablet_width_inherit=&#8221;default&#8221; animation_type=&#8221;default&#8221; bg_image_animation=&#8221;none&#8221; border_type=&#8221;simple&#8221; column_border_width=&#8221;none&#8221; column_border_style=&#8221;solid&#8221;][toggles style=&#8221;minimal&#8221;][toggle color=&#8221;Default&#8221; heading_tag=&#8221;default&#8221; heading_tag_functionality=&#8221;default&#8221; title=&#8221;Additional information&#8221;][vc_column_text css=&#8221;&#8221; text_direction=&#8221;default&#8221;]<strong>Pia\u021ba european\u0103:<\/strong> <a href=\"\/emea-ro\/environmental-packaging-labelling-emea\/\">Etichetarea ecologic\u0103 a ambalajelor<\/a>[\/vc_column_text][\/toggle][toggle color=&#8221;Default&#8221; heading_tag=&#8221;default&#8221; heading_tag_functionality=&#8221;default&#8221; title=&#8221;Video&#8221;][vc_video link=&#8221;https:\/\/youtu.be\/JM0-ayCDPn8&#8243; css=&#8221;&#8221;][\/toggle][\/toggles][\/vc_column][\/vc_row]\n","protected":false},"excerpt":{"rendered":"<p>[vc_row type=&#8221;in_container&#8221; full_screen_row_position=&#8221;middle&#8221; column_margin=&#8221;default&#8221; column_direction=&#8221;default&#8221; column_direction_tablet=&#8221;default&#8221; column_direction_phone=&#8221;default&#8221; scene_position=&#8221;center&#8221; text_color=&#8221;dark&#8221; text_align=&#8221;left&#8221; row_border_radius=&#8221;none&#8221; row_border_radius_applies=&#8221;bg&#8221; overflow=&#8221;visible&#8221; overlay_strength=&#8221;0.3&#8243; gradient_direction=&#8221;left_to_right&#8221; shape_divider_position=&#8221;bottom&#8221; bg_image_animation=&#8221;none&#8221;][vc_column column_padding=&#8221;no-extra-padding&#8221; column_padding_tablet=&#8221;inherit&#8221; column_padding_phone=&#8221;inherit&#8221; column_padding_position=&#8221;all&#8221; column_element_direction_desktop=&#8221;default&#8221; column_element_spacing=&#8221;default&#8221; desktop_text_alignment=&#8221;default&#8221; tablet_text_alignment=&#8221;default&#8221; phone_text_alignment=&#8221;default&#8221; background_color_opacity=&#8221;1&#8243; background_hover_color_opacity=&#8221;1&#8243; column_backdrop_filter=&#8221;none&#8221; column_shadow=&#8221;none&#8221; column_border_radius=&#8221;none&#8221; column_link_target=&#8221;_self&#8221; column_position=&#8221;default&#8221; gradient_direction=&#8221;left_to_right&#8221; overlay_strength=&#8221;0.3&#8243; width=&#8221;1\/1&#8243; tablet_width_inherit=&#8221;default&#8221; animation_type=&#8221;default&#8221; bg_image_animation=&#8221;none&#8221; border_type=&#8221;simple&#8221; column_border_width=&#8221;none&#8221; column_border_style=&#8221;solid&#8221;][vc_column_text css=&#8221;&#8221; text_direction=&#8221;default&#8221;]Sunt Poly-V speciale de nou\u0103 genera\u0163ie, care se auto-tensioneaz\u0103. Se instaleaz\u0103 \u00een cazul transmisiilor cu distan\u0163\u0103 fix\u0103 \u015fi o alungire limitat\u0103 a&#8230;<\/p>\n","protected":false},"author":7,"featured_media":17270,"comment_status":"closed","ping_status":"closed","sticky":false,"template":"","format":"standard","meta":{"_acf_changed":false,"inline_featured_image":false,"footnotes":""},"categories":[899],"tags":[907],"class_list":["post-26880","post","type-post","status-publish","format-standard","has-post-thumbnail","category-curele-poly-v","tag-light-duty-am"],"acf":[],"yoast_head":"<!-- This site is optimized with the Yoast SEO Premium plugin v28.4 (Yoast SEO v28.4) - https:\/\/yoast.com\/product\/yoast-seo-premium-wordpress\/ -->\n<title>Dayco | Curele Poly-V Elastice - EMEA | RO<\/title>\n<meta name=\"description\" content=\"[vc_row type=&#8221;in_container&#8221; full_screen_row_position=&#8221;middle&#8221; column_margin=&#8221;default&#8221; column_direction=&#8221;default&#8221; column_direction_tablet=&#8221;default&#8221; column_direction_phone=&#8221;default&#8221; scene_position=&#8221;center&#8221; text_color=&#8221;dark&#8221; text_align=&#8221;left&#8221; row_border_radius=&#8221;none&#8221; row_border_radius_applies=&#8221;bg&#8221; overflow=&#8221;visible&#8221; overlay_strength=&#8221;0.3&#8243; gradient_direction=&#8221;left_to_right&#8221; shape_divider_position=&#8221;bottom&#8221; bg_image_animation=&#8221;none&#8221;][vc_column column_padding=&#8221;no-extra-padding&#8221; column_padding_tablet=&#8221;inherit&#8221; column_padding_phone=&#8221;inherit&#8221; column_padding_position=&#8221;all&#8221; column_element_direction_desktop=&#8221;default&#8221; column_element_spacing=&#8221;default&#8221; desktop_text_alignment=&#8221;default&#8221; tablet_text_alignment=&#8221;default&#8221;...\" \/>\n<meta name=\"robots\" content=\"index, follow, max-snippet:-1, max-image-preview:large, max-video-preview:-1\" \/>\n<link rel=\"canonical\" href=\"https:\/\/www.dayco.com\/emea-ro\/products\/aftermarket-products\/curele-poly-v\/curele-poly-v-elastice\/\" \/>\n<meta property=\"og:locale\" content=\"ro_RO\" \/>\n<meta property=\"og:type\" content=\"article\" \/>\n<meta property=\"og:title\" content=\"Dayco | Curele Poly-V Elastice - EMEA | RO\" \/>\n<meta property=\"og:description\" content=\"[vc_row type=&#8221;in_container&#8221; full_screen_row_position=&#8221;middle&#8221; column_margin=&#8221;default&#8221; column_direction=&#8221;default&#8221; column_direction_tablet=&#8221;default&#8221; column_direction_phone=&#8221;default&#8221; scene_position=&#8221;center&#8221; text_color=&#8221;dark&#8221; text_align=&#8221;left&#8221; row_border_radius=&#8221;none&#8221; row_border_radius_applies=&#8221;bg&#8221; overflow=&#8221;visible&#8221; overlay_strength=&#8221;0.3&#8243; gradient_direction=&#8221;left_to_right&#8221; shape_divider_position=&#8221;bottom&#8221; bg_image_animation=&#8221;none&#8221;][vc_column column_padding=&#8221;no-extra-padding&#8221; column_padding_tablet=&#8221;inherit&#8221; column_padding_phone=&#8221;inherit&#8221; column_padding_position=&#8221;all&#8221; column_element_direction_desktop=&#8221;default&#8221; column_element_spacing=&#8221;default&#8221; desktop_text_alignment=&#8221;default&#8221; tablet_text_alignment=&#8221;default&#8221;...\" \/>\n<meta property=\"og:url\" content=\"https:\/\/www.dayco.com\/emea-ro\/products\/aftermarket-products\/curele-poly-v\/curele-poly-v-elastice\/\" \/>\n<meta property=\"og:site_name\" content=\"Dayco Official\" \/>\n<meta property=\"article:publisher\" content=\"https:\/\/www.facebook.com\/DaycoOfficial\/\" \/>\n<meta property=\"article:published_time\" content=\"2024-12-31T23:30:59+00:00\" \/>\n<meta property=\"article:modified_time\" content=\"2025-02-05T11:42:01+00:00\" \/>\n<meta property=\"og:image\" content=\"https:\/\/www.dayco.com\/wp-content\/uploads\/2025\/01\/6PK730EE_L1040245HR.jpg\" \/>\n\t<meta property=\"og:image:width\" content=\"1200\" \/>\n\t<meta property=\"og:image:height\" content=\"700\" \/>\n\t<meta property=\"og:image:type\" content=\"image\/jpeg\" \/>\n<meta name=\"author\" content=\"a.driusso\" \/>\n<meta name=\"twitter:card\" content=\"summary_large_image\" \/>\n<meta name=\"twitter:creator\" content=\"@DaycoOfficial\" \/>\n<meta name=\"twitter:site\" content=\"@DaycoOfficial\" \/>\n<script type=\"application\/ld+json\" class=\"yoast-schema-graph\">{\"@context\":\"https:\\\/\\\/schema.org\",\"@graph\":[{\"@type\":\"Article\",\"@id\":\"https:\\\/\\\/www.dayco.com\\\/emea-ro\\\/products\\\/aftermarket-products\\\/curele-poly-v\\\/curele-poly-v-elastice\\\/#article\",\"isPartOf\":{\"@id\":\"https:\\\/\\\/www.dayco.com\\\/emea-ro\\\/products\\\/aftermarket-products\\\/curele-poly-v\\\/curele-poly-v-elastice\\\/\"},\"author\":{\"name\":\"a.driusso\",\"@id\":\"https:\\\/\\\/www.dayco.com\\\/emea-ro\\\/#\\\/schema\\\/person\\\/0325c0932b79e25a59c7d684c556e27e\"},\"headline\":\"Curele Poly-V Elastice\",\"datePublished\":\"2024-12-31T23:30:59+00:00\",\"dateModified\":\"2025-02-05T11:42:01+00:00\",\"mainEntityOfPage\":{\"@id\":\"https:\\\/\\\/www.dayco.com\\\/emea-ro\\\/products\\\/aftermarket-products\\\/curele-poly-v\\\/curele-poly-v-elastice\\\/\"},\"wordCount\":444,\"publisher\":{\"@id\":\"https:\\\/\\\/www.dayco.com\\\/emea-ro\\\/#organization\"},\"image\":{\"@id\":\"https:\\\/\\\/www.dayco.com\\\/emea-ro\\\/products\\\/aftermarket-products\\\/curele-poly-v\\\/curele-poly-v-elastice\\\/#primaryimage\"},\"thumbnailUrl\":\"https:\\\/\\\/www.dayco.com\\\/wp-content\\\/uploads\\\/2025\\\/01\\\/6PK730EE_L1040245HR.jpg\",\"keywords\":[\"light-duty-am\"],\"articleSection\":[\"Curele Poly-V\"],\"inLanguage\":\"ro-RO\"},{\"@type\":\"WebPage\",\"@id\":\"https:\\\/\\\/www.dayco.com\\\/emea-ro\\\/products\\\/aftermarket-products\\\/curele-poly-v\\\/curele-poly-v-elastice\\\/\",\"url\":\"https:\\\/\\\/www.dayco.com\\\/emea-ro\\\/products\\\/aftermarket-products\\\/curele-poly-v\\\/curele-poly-v-elastice\\\/\",\"name\":\"Dayco | Curele Poly-V Elastice - [language]\",\"isPartOf\":{\"@id\":\"https:\\\/\\\/www.dayco.com\\\/emea-ro\\\/#website\"},\"primaryImageOfPage\":{\"@id\":\"https:\\\/\\\/www.dayco.com\\\/emea-ro\\\/products\\\/aftermarket-products\\\/curele-poly-v\\\/curele-poly-v-elastice\\\/#primaryimage\"},\"image\":{\"@id\":\"https:\\\/\\\/www.dayco.com\\\/emea-ro\\\/products\\\/aftermarket-products\\\/curele-poly-v\\\/curele-poly-v-elastice\\\/#primaryimage\"},\"thumbnailUrl\":\"https:\\\/\\\/www.dayco.com\\\/wp-content\\\/uploads\\\/2025\\\/01\\\/6PK730EE_L1040245HR.jpg\",\"datePublished\":\"2024-12-31T23:30:59+00:00\",\"dateModified\":\"2025-02-05T11:42:01+00:00\",\"description\":\"[post_excerpt]\",\"breadcrumb\":{\"@id\":\"https:\\\/\\\/www.dayco.com\\\/emea-ro\\\/products\\\/aftermarket-products\\\/curele-poly-v\\\/curele-poly-v-elastice\\\/#breadcrumb\"},\"inLanguage\":\"ro-RO\",\"potentialAction\":[{\"@type\":\"ReadAction\",\"target\":[\"https:\\\/\\\/www.dayco.com\\\/emea-ro\\\/products\\\/aftermarket-products\\\/curele-poly-v\\\/curele-poly-v-elastice\\\/\"]}]},{\"@type\":\"ImageObject\",\"inLanguage\":\"ro-RO\",\"@id\":\"https:\\\/\\\/www.dayco.com\\\/emea-ro\\\/products\\\/aftermarket-products\\\/curele-poly-v\\\/curele-poly-v-elastice\\\/#primaryimage\",\"url\":\"https:\\\/\\\/www.dayco.com\\\/wp-content\\\/uploads\\\/2025\\\/01\\\/6PK730EE_L1040245HR.jpg\",\"contentUrl\":\"https:\\\/\\\/www.dayco.com\\\/wp-content\\\/uploads\\\/2025\\\/01\\\/6PK730EE_L1040245HR.jpg\",\"width\":1200,\"height\":700},{\"@type\":\"BreadcrumbList\",\"@id\":\"https:\\\/\\\/www.dayco.com\\\/emea-ro\\\/products\\\/aftermarket-products\\\/curele-poly-v\\\/curele-poly-v-elastice\\\/#breadcrumb\",\"itemListElement\":[{\"@type\":\"ListItem\",\"position\":1,\"name\":\"Pagina Principal\u0103\",\"item\":\"https:\\\/\\\/www.dayco.com\\\/emea-ro\\\/\"},{\"@type\":\"ListItem\",\"position\":2,\"name\":\"Produse\",\"item\":\"https:\\\/\\\/www.dayco.com\\\/emea-ro\\\/.\\\/products\\\/\"},{\"@type\":\"ListItem\",\"position\":3,\"name\":\"Produse Aftermarket\",\"item\":\"https:\\\/\\\/www.dayco.com\\\/emea-ro\\\/.\\\/products\\\/aftermarket-products\\\/\"},{\"@type\":\"ListItem\",\"position\":4,\"name\":\"Curele Poly-V\",\"item\":\"https:\\\/\\\/www.dayco.com\\\/emea-ro\\\/.\\\/products\\\/aftermarket-products\\\/curele-poly-v\\\/\"},{\"@type\":\"ListItem\",\"position\":5,\"name\":\"Curele Poly-V Elastice\"}]},{\"@type\":\"WebSite\",\"@id\":\"https:\\\/\\\/www.dayco.com\\\/emea-ro\\\/#website\",\"url\":\"https:\\\/\\\/www.dayco.com\\\/emea-ro\\\/\",\"name\":\"Dayco Official\",\"description\":\"Move Forward. Always.\u2122\",\"publisher\":{\"@id\":\"https:\\\/\\\/www.dayco.com\\\/emea-ro\\\/#organization\"},\"alternateName\":\"Dayco\",\"potentialAction\":[{\"@type\":\"SearchAction\",\"target\":{\"@type\":\"EntryPoint\",\"urlTemplate\":\"https:\\\/\\\/www.dayco.com\\\/emea-ro\\\/?s={search_term_string}\"},\"query-input\":{\"@type\":\"PropertyValueSpecification\",\"valueRequired\":true,\"valueName\":\"search_term_string\"}}],\"inLanguage\":\"ro-RO\"},{\"@type\":\"Organization\",\"@id\":\"https:\\\/\\\/www.dayco.com\\\/emea-ro\\\/#organization\",\"name\":\"Dayco\",\"alternateName\":\"Dayco\",\"url\":\"https:\\\/\\\/www.dayco.com\\\/emea-ro\\\/\",\"logo\":{\"@type\":\"ImageObject\",\"inLanguage\":\"ro-RO\",\"@id\":\"https:\\\/\\\/www.dayco.com\\\/emea-ro\\\/#\\\/schema\\\/logo\\\/image\\\/\",\"url\":\"https:\\\/\\\/www.dayco.com\\\/wp-content\\\/uploads\\\/2025\\\/04\\\/Dayco-Logo-SEO-Square.jpg\",\"contentUrl\":\"https:\\\/\\\/www.dayco.com\\\/wp-content\\\/uploads\\\/2025\\\/04\\\/Dayco-Logo-SEO-Square.jpg\",\"width\":696,\"height\":696,\"caption\":\"Dayco\"},\"image\":{\"@id\":\"https:\\\/\\\/www.dayco.com\\\/emea-ro\\\/#\\\/schema\\\/logo\\\/image\\\/\"},\"sameAs\":[\"https:\\\/\\\/www.facebook.com\\\/DaycoOfficial\\\/\",\"https:\\\/\\\/x.com\\\/DaycoOfficial\",\"https:\\\/\\\/www.instagram.com\\\/daycoofficial\\\/\",\"https:\\\/\\\/www.linkedin.com\\\/company\\\/daycoofficial\\\/\",\"https:\\\/\\\/www.youtube.com\\\/DaycoOfficial\",\"https:\\\/\\\/en.wikipedia.org\\\/wiki\\\/Dayco\"],\"description\":\"Dayco is a global leader in the research, design, manufacture and distribution of essential engine drive systems and aftermarket services for automotive, truck, construction, agriculture and industrial applications. Our mission is to deliver innovative products and services to the market that move the world forward, always. With more than 120 years of engineering heritage, Dayco has built a reputation for delivering reliable, efficient, and high\u2011performance drive systems that support customers around the world in meeting the most demanding application requirements. Our deep technical expertise and continuous commitment to innovation enable us to provide advanced system solutions tailored to the evolving needs of global markets. Dayco\u2019s world\u2011class distribution network supplies the aftermarket with a comprehensive offering of kits and components designed to meet the specific needs of each local market. This capability is strengthened by a dedicated global team that acts with ownership, respects one another, and continuously learns to support our customers with excellence.\",\"legalName\":\"Dayco\",\"foundingDate\":\"1905-05-17\",\"vatID\":\"IT00703890673\",\"taxID\":\"231733979\",\"duns\":\"437654916\",\"numberOfEmployees\":{\"@type\":\"QuantitativeValue\",\"minValue\":\"1001\",\"maxValue\":\"5000\"},\"publishingPrinciples\":\"https:\\\/\\\/www.dayco.com\\\/terms-of-use\\\/\",\"ownershipFundingInfo\":\"https:\\\/\\\/www.dayco.com\\\/leadership\\\/\",\"actionableFeedbackPolicy\":\"https:\\\/\\\/www.dayco.com\\\/code-of-conduct\\\/\",\"correctionsPolicy\":\"https:\\\/\\\/www.dayco.com\\\/code-of-conduct\\\/\",\"ethicsPolicy\":\"https:\\\/\\\/www.dayco.com\\\/sustainability\\\/\",\"diversityPolicy\":\"https:\\\/\\\/www.dayco.com\\\/sustainability\\\/\",\"diversityStaffingReport\":\"https:\\\/\\\/www.dayco.com\\\/sustainability\\\/\"},{\"@type\":\"Person\",\"@id\":\"https:\\\/\\\/www.dayco.com\\\/emea-ro\\\/#\\\/schema\\\/person\\\/0325c0932b79e25a59c7d684c556e27e\",\"name\":\"a.driusso\",\"image\":{\"@type\":\"ImageObject\",\"inLanguage\":\"ro-RO\",\"@id\":\"https:\\\/\\\/secure.gravatar.com\\\/avatar\\\/c1578f0ddb593c2e69d97faf42acdcb9eda1ae6034563bb3d813690876f825c2?s=96&d=mm&r=g\",\"url\":\"https:\\\/\\\/secure.gravatar.com\\\/avatar\\\/c1578f0ddb593c2e69d97faf42acdcb9eda1ae6034563bb3d813690876f825c2?s=96&d=mm&r=g\",\"contentUrl\":\"https:\\\/\\\/secure.gravatar.com\\\/avatar\\\/c1578f0ddb593c2e69d97faf42acdcb9eda1ae6034563bb3d813690876f825c2?s=96&d=mm&r=g\",\"caption\":\"a.driusso\"}}]}<\/script>\n<!-- \/ Yoast SEO Premium plugin. -->","yoast_head_json":{"title":"Dayco | Curele Poly-V Elastice - EMEA | RO","description":"[vc_row type=&#8221;in_container&#8221; full_screen_row_position=&#8221;middle&#8221; column_margin=&#8221;default&#8221; column_direction=&#8221;default&#8221; column_direction_tablet=&#8221;default&#8221; column_direction_phone=&#8221;default&#8221; scene_position=&#8221;center&#8221; text_color=&#8221;dark&#8221; text_align=&#8221;left&#8221; row_border_radius=&#8221;none&#8221; row_border_radius_applies=&#8221;bg&#8221; overflow=&#8221;visible&#8221; overlay_strength=&#8221;0.3&#8243; gradient_direction=&#8221;left_to_right&#8221; shape_divider_position=&#8221;bottom&#8221; bg_image_animation=&#8221;none&#8221;][vc_column column_padding=&#8221;no-extra-padding&#8221; column_padding_tablet=&#8221;inherit&#8221; column_padding_phone=&#8221;inherit&#8221; column_padding_position=&#8221;all&#8221; column_element_direction_desktop=&#8221;default&#8221; column_element_spacing=&#8221;default&#8221; desktop_text_alignment=&#8221;default&#8221; tablet_text_alignment=&#8221;default&#8221;...","robots":{"index":"index","follow":"follow","max-snippet":"max-snippet:-1","max-image-preview":"max-image-preview:large","max-video-preview":"max-video-preview:-1"},"canonical":"https:\/\/www.dayco.com\/emea-ro\/products\/aftermarket-products\/curele-poly-v\/curele-poly-v-elastice\/","og_locale":"ro_RO","og_type":"article","og_title":"Dayco | Curele Poly-V Elastice - EMEA | RO","og_description":"[vc_row type=&#8221;in_container&#8221; full_screen_row_position=&#8221;middle&#8221; column_margin=&#8221;default&#8221; column_direction=&#8221;default&#8221; column_direction_tablet=&#8221;default&#8221; column_direction_phone=&#8221;default&#8221; scene_position=&#8221;center&#8221; text_color=&#8221;dark&#8221; text_align=&#8221;left&#8221; row_border_radius=&#8221;none&#8221; row_border_radius_applies=&#8221;bg&#8221; overflow=&#8221;visible&#8221; overlay_strength=&#8221;0.3&#8243; gradient_direction=&#8221;left_to_right&#8221; shape_divider_position=&#8221;bottom&#8221; bg_image_animation=&#8221;none&#8221;][vc_column column_padding=&#8221;no-extra-padding&#8221; column_padding_tablet=&#8221;inherit&#8221; column_padding_phone=&#8221;inherit&#8221; column_padding_position=&#8221;all&#8221; column_element_direction_desktop=&#8221;default&#8221; column_element_spacing=&#8221;default&#8221; desktop_text_alignment=&#8221;default&#8221; tablet_text_alignment=&#8221;default&#8221;...","og_url":"https:\/\/www.dayco.com\/emea-ro\/products\/aftermarket-products\/curele-poly-v\/curele-poly-v-elastice\/","og_site_name":"Dayco Official","article_publisher":"https:\/\/www.facebook.com\/DaycoOfficial\/","article_published_time":"2024-12-31T23:30:59+00:00","article_modified_time":"2025-02-05T11:42:01+00:00","og_image":[{"width":1200,"height":700,"url":"https:\/\/www.dayco.com\/wp-content\/uploads\/2025\/01\/6PK730EE_L1040245HR.jpg","type":"image\/jpeg"}],"author":"a.driusso","twitter_card":"summary_large_image","twitter_creator":"@DaycoOfficial","twitter_site":"@DaycoOfficial","schema":{"@context":"https:\/\/schema.org","@graph":[{"@type":"Article","@id":"https:\/\/www.dayco.com\/emea-ro\/products\/aftermarket-products\/curele-poly-v\/curele-poly-v-elastice\/#article","isPartOf":{"@id":"https:\/\/www.dayco.com\/emea-ro\/products\/aftermarket-products\/curele-poly-v\/curele-poly-v-elastice\/"},"author":{"name":"a.driusso","@id":"https:\/\/www.dayco.com\/emea-ro\/#\/schema\/person\/0325c0932b79e25a59c7d684c556e27e"},"headline":"Curele Poly-V Elastice","datePublished":"2024-12-31T23:30:59+00:00","dateModified":"2025-02-05T11:42:01+00:00","mainEntityOfPage":{"@id":"https:\/\/www.dayco.com\/emea-ro\/products\/aftermarket-products\/curele-poly-v\/curele-poly-v-elastice\/"},"wordCount":444,"publisher":{"@id":"https:\/\/www.dayco.com\/emea-ro\/#organization"},"image":{"@id":"https:\/\/www.dayco.com\/emea-ro\/products\/aftermarket-products\/curele-poly-v\/curele-poly-v-elastice\/#primaryimage"},"thumbnailUrl":"https:\/\/www.dayco.com\/wp-content\/uploads\/2025\/01\/6PK730EE_L1040245HR.jpg","keywords":["light-duty-am"],"articleSection":["Curele Poly-V"],"inLanguage":"ro-RO"},{"@type":"WebPage","@id":"https:\/\/www.dayco.com\/emea-ro\/products\/aftermarket-products\/curele-poly-v\/curele-poly-v-elastice\/","url":"https:\/\/www.dayco.com\/emea-ro\/products\/aftermarket-products\/curele-poly-v\/curele-poly-v-elastice\/","name":"Dayco | Curele Poly-V Elastice - [language]","isPartOf":{"@id":"https:\/\/www.dayco.com\/emea-ro\/#website"},"primaryImageOfPage":{"@id":"https:\/\/www.dayco.com\/emea-ro\/products\/aftermarket-products\/curele-poly-v\/curele-poly-v-elastice\/#primaryimage"},"image":{"@id":"https:\/\/www.dayco.com\/emea-ro\/products\/aftermarket-products\/curele-poly-v\/curele-poly-v-elastice\/#primaryimage"},"thumbnailUrl":"https:\/\/www.dayco.com\/wp-content\/uploads\/2025\/01\/6PK730EE_L1040245HR.jpg","datePublished":"2024-12-31T23:30:59+00:00","dateModified":"2025-02-05T11:42:01+00:00","description":"[post_excerpt]","breadcrumb":{"@id":"https:\/\/www.dayco.com\/emea-ro\/products\/aftermarket-products\/curele-poly-v\/curele-poly-v-elastice\/#breadcrumb"},"inLanguage":"ro-RO","potentialAction":[{"@type":"ReadAction","target":["https:\/\/www.dayco.com\/emea-ro\/products\/aftermarket-products\/curele-poly-v\/curele-poly-v-elastice\/"]}]},{"@type":"ImageObject","inLanguage":"ro-RO","@id":"https:\/\/www.dayco.com\/emea-ro\/products\/aftermarket-products\/curele-poly-v\/curele-poly-v-elastice\/#primaryimage","url":"https:\/\/www.dayco.com\/wp-content\/uploads\/2025\/01\/6PK730EE_L1040245HR.jpg","contentUrl":"https:\/\/www.dayco.com\/wp-content\/uploads\/2025\/01\/6PK730EE_L1040245HR.jpg","width":1200,"height":700},{"@type":"BreadcrumbList","@id":"https:\/\/www.dayco.com\/emea-ro\/products\/aftermarket-products\/curele-poly-v\/curele-poly-v-elastice\/#breadcrumb","itemListElement":[{"@type":"ListItem","position":1,"name":"Pagina Principal\u0103","item":"https:\/\/www.dayco.com\/emea-ro\/"},{"@type":"ListItem","position":2,"name":"Produse","item":"https:\/\/www.dayco.com\/emea-ro\/.\/products\/"},{"@type":"ListItem","position":3,"name":"Produse Aftermarket","item":"https:\/\/www.dayco.com\/emea-ro\/.\/products\/aftermarket-products\/"},{"@type":"ListItem","position":4,"name":"Curele Poly-V","item":"https:\/\/www.dayco.com\/emea-ro\/.\/products\/aftermarket-products\/curele-poly-v\/"},{"@type":"ListItem","position":5,"name":"Curele Poly-V Elastice"}]},{"@type":"WebSite","@id":"https:\/\/www.dayco.com\/emea-ro\/#website","url":"https:\/\/www.dayco.com\/emea-ro\/","name":"Dayco Official","description":"Move Forward. Always.\u2122","publisher":{"@id":"https:\/\/www.dayco.com\/emea-ro\/#organization"},"alternateName":"Dayco","potentialAction":[{"@type":"SearchAction","target":{"@type":"EntryPoint","urlTemplate":"https:\/\/www.dayco.com\/emea-ro\/?s={search_term_string}"},"query-input":{"@type":"PropertyValueSpecification","valueRequired":true,"valueName":"search_term_string"}}],"inLanguage":"ro-RO"},{"@type":"Organization","@id":"https:\/\/www.dayco.com\/emea-ro\/#organization","name":"Dayco","alternateName":"Dayco","url":"https:\/\/www.dayco.com\/emea-ro\/","logo":{"@type":"ImageObject","inLanguage":"ro-RO","@id":"https:\/\/www.dayco.com\/emea-ro\/#\/schema\/logo\/image\/","url":"https:\/\/www.dayco.com\/wp-content\/uploads\/2025\/04\/Dayco-Logo-SEO-Square.jpg","contentUrl":"https:\/\/www.dayco.com\/wp-content\/uploads\/2025\/04\/Dayco-Logo-SEO-Square.jpg","width":696,"height":696,"caption":"Dayco"},"image":{"@id":"https:\/\/www.dayco.com\/emea-ro\/#\/schema\/logo\/image\/"},"sameAs":["https:\/\/www.facebook.com\/DaycoOfficial\/","https:\/\/x.com\/DaycoOfficial","https:\/\/www.instagram.com\/daycoofficial\/","https:\/\/www.linkedin.com\/company\/daycoofficial\/","https:\/\/www.youtube.com\/DaycoOfficial","https:\/\/en.wikipedia.org\/wiki\/Dayco"],"description":"Dayco is a global leader in the research, design, manufacture and distribution of essential engine drive systems and aftermarket services for automotive, truck, construction, agriculture and industrial applications. Our mission is to deliver innovative products and services to the market that move the world forward, always. With more than 120 years of engineering heritage, Dayco has built a reputation for delivering reliable, efficient, and high\u2011performance drive systems that support customers around the world in meeting the most demanding application requirements. Our deep technical expertise and continuous commitment to innovation enable us to provide advanced system solutions tailored to the evolving needs of global markets. Dayco\u2019s world\u2011class distribution network supplies the aftermarket with a comprehensive offering of kits and components designed to meet the specific needs of each local market. This capability is strengthened by a dedicated global team that acts with ownership, respects one another, and continuously learns to support our customers with excellence.","legalName":"Dayco","foundingDate":"1905-05-17","vatID":"IT00703890673","taxID":"231733979","duns":"437654916","numberOfEmployees":{"@type":"QuantitativeValue","minValue":"1001","maxValue":"5000"},"publishingPrinciples":"https:\/\/www.dayco.com\/terms-of-use\/","ownershipFundingInfo":"https:\/\/www.dayco.com\/leadership\/","actionableFeedbackPolicy":"https:\/\/www.dayco.com\/code-of-conduct\/","correctionsPolicy":"https:\/\/www.dayco.com\/code-of-conduct\/","ethicsPolicy":"https:\/\/www.dayco.com\/sustainability\/","diversityPolicy":"https:\/\/www.dayco.com\/sustainability\/","diversityStaffingReport":"https:\/\/www.dayco.com\/sustainability\/"},{"@type":"Person","@id":"https:\/\/www.dayco.com\/emea-ro\/#\/schema\/person\/0325c0932b79e25a59c7d684c556e27e","name":"a.driusso","image":{"@type":"ImageObject","inLanguage":"ro-RO","@id":"https:\/\/secure.gravatar.com\/avatar\/c1578f0ddb593c2e69d97faf42acdcb9eda1ae6034563bb3d813690876f825c2?s=96&d=mm&r=g","url":"https:\/\/secure.gravatar.com\/avatar\/c1578f0ddb593c2e69d97faf42acdcb9eda1ae6034563bb3d813690876f825c2?s=96&d=mm&r=g","contentUrl":"https:\/\/secure.gravatar.com\/avatar\/c1578f0ddb593c2e69d97faf42acdcb9eda1ae6034563bb3d813690876f825c2?s=96&d=mm&r=g","caption":"a.driusso"}}]}},"_links":{"self":[{"href":"https:\/\/www.dayco.com\/emea-ro\/wp-json\/wp\/v2\/posts\/26880","targetHints":{"allow":["GET"]}}],"collection":[{"href":"https:\/\/www.dayco.com\/emea-ro\/wp-json\/wp\/v2\/posts"}],"about":[{"href":"https:\/\/www.dayco.com\/emea-ro\/wp-json\/wp\/v2\/types\/post"}],"author":[{"embeddable":true,"href":"https:\/\/www.dayco.com\/emea-ro\/wp-json\/wp\/v2\/users\/7"}],"replies":[{"embeddable":true,"href":"https:\/\/www.dayco.com\/emea-ro\/wp-json\/wp\/v2\/comments?post=26880"}],"version-history":[{"count":0,"href":"https:\/\/www.dayco.com\/emea-ro\/wp-json\/wp\/v2\/posts\/26880\/revisions"}],"wp:featuredmedia":[{"embeddable":true,"href":"https:\/\/www.dayco.com\/emea-ro\/wp-json\/wp\/v2\/media\/17270"}],"wp:attachment":[{"href":"https:\/\/www.dayco.com\/emea-ro\/wp-json\/wp\/v2\/media?parent=26880"}],"wp:term":[{"taxonomy":"category","embeddable":true,"href":"https:\/\/www.dayco.com\/emea-ro\/wp-json\/wp\/v2\/categories?post=26880"},{"taxonomy":"post_tag","embeddable":true,"href":"https:\/\/www.dayco.com\/emea-ro\/wp-json\/wp\/v2\/tags?post=26880"}],"curies":[{"name":"wp","href":"https:\/\/api.w.org\/{rel}","templated":true}]}}