{"id":48200,"date":"2025-03-14T14:05:32","date_gmt":"2025-03-14T14:05:32","guid":{"rendered":"https:\/\/www.dayco.com\/?p=48200"},"modified":"2025-03-14T14:13:04","modified_gmt":"2025-03-14T14:13:04","slug":"narzedzie-do-demontazu-paska-narzedzie-do-montazu","status":"publish","type":"post","link":"https:\/\/www.dayco.com\/emea-pl\/products\/aftermarket-products\/installation-tools\/narzedzie-do-demontazu-paska-narzedzie-do-montazu\/","title":{"rendered":"Narz\u0119dzie do Demonta\u017cu Paska \/ Narz\u0119dzie do Monta\u017cu"},"content":{"rendered":"[vc_row type=&#8221;in_container&#8221; full_screen_row_position=&#8221;middle&#8221; column_margin=&#8221;default&#8221; column_direction=&#8221;default&#8221; column_direction_tablet=&#8221;default&#8221; column_direction_phone=&#8221;default&#8221; scene_position=&#8221;center&#8221; text_color=&#8221;dark&#8221; text_align=&#8221;left&#8221; row_border_radius=&#8221;none&#8221; row_border_radius_applies=&#8221;bg&#8221; overflow=&#8221;visible&#8221; overlay_strength=&#8221;0.3&#8243; gradient_direction=&#8221;left_to_right&#8221; shape_divider_position=&#8221;bottom&#8221; bg_image_animation=&#8221;none&#8221;][vc_column column_padding=&#8221;no-extra-padding&#8221; column_padding_tablet=&#8221;inherit&#8221; column_padding_phone=&#8221;inherit&#8221; column_padding_position=&#8221;all&#8221; column_element_direction_desktop=&#8221;default&#8221; column_element_spacing=&#8221;default&#8221; desktop_text_alignment=&#8221;default&#8221; tablet_text_alignment=&#8221;default&#8221; phone_text_alignment=&#8221;default&#8221; background_color_opacity=&#8221;1&#8243; background_hover_color_opacity=&#8221;1&#8243; column_backdrop_filter=&#8221;none&#8221; column_shadow=&#8221;none&#8221; column_border_radius=&#8221;none&#8221; column_link_target=&#8221;_self&#8221; column_position=&#8221;default&#8221; gradient_direction=&#8221;left_to_right&#8221; overlay_strength=&#8221;0.3&#8243; width=&#8221;1\/1&#8243; tablet_width_inherit=&#8221;default&#8221; animation_type=&#8221;default&#8221; bg_image_animation=&#8221;none&#8221; border_type=&#8221;simple&#8221; column_border_width=&#8221;none&#8221; column_border_style=&#8221;solid&#8221;][vc_column_text css=&#8221;&#8221; text_direction=&#8221;default&#8221;]\n<ul>\n<li>Narz\u0119dzie uniwersalne<\/li>\n<li>2 narz\u0119dzia w jednym<\/li>\n<li>Szybki i prosty w u\u017cyciu<\/li>\n<li>Jedno narz\u0119dzie do usuwania, jedno narz\u0119dzie do monta\u017cu<\/li>\n<li>Zawsze obracaj silnik w normalnym kierunku obrot\u00f3w<\/li>\n<\/ul>\n[\/vc_column_text][\/vc_column][\/vc_row][vc_row type=&#8221;in_container&#8221; full_screen_row_position=&#8221;middle&#8221; column_margin=&#8221;default&#8221; column_direction=&#8221;default&#8221; column_direction_tablet=&#8221;default&#8221; column_direction_phone=&#8221;default&#8221; scene_position=&#8221;center&#8221; text_color=&#8221;dark&#8221; text_align=&#8221;left&#8221; row_border_radius=&#8221;none&#8221; row_border_radius_applies=&#8221;bg&#8221; overflow=&#8221;visible&#8221; overlay_strength=&#8221;0.3&#8243; gradient_direction=&#8221;left_to_right&#8221; shape_divider_position=&#8221;bottom&#8221; bg_image_animation=&#8221;none&#8221; gradient_type=&#8221;default&#8221; shape_type=&#8221;&#8221;][vc_column column_padding=&#8221;no-extra-padding&#8221; column_padding_tablet=&#8221;inherit&#8221; column_padding_phone=&#8221;inherit&#8221; column_padding_position=&#8221;all&#8221; column_element_direction_desktop=&#8221;default&#8221; column_element_spacing=&#8221;default&#8221; desktop_text_alignment=&#8221;default&#8221; tablet_text_alignment=&#8221;default&#8221; phone_text_alignment=&#8221;default&#8221; background_color_opacity=&#8221;1&#8243; background_hover_color_opacity=&#8221;1&#8243; column_backdrop_filter=&#8221;none&#8221; column_shadow=&#8221;none&#8221; column_border_radius=&#8221;none&#8221; column_link_target=&#8221;_self&#8221; column_position=&#8221;default&#8221; gradient_direction=&#8221;left_to_right&#8221; overlay_strength=&#8221;0.3&#8243; width=&#8221;1\/1&#8243; tablet_width_inherit=&#8221;default&#8221; animation_type=&#8221;default&#8221; bg_image_animation=&#8221;none&#8221; border_type=&#8221;simple&#8221; column_border_width=&#8221;none&#8221; column_border_style=&#8221;solid&#8221;][toggles style=&#8221;minimal&#8221;][toggle color=&#8221;Default&#8221; heading_tag=&#8221;default&#8221; heading_tag_functionality=&#8221;default&#8221; title=&#8221;Additional information&#8221;][vc_column_text css=&#8221;&#8221; text_direction=&#8221;default&#8221;]<strong>Rynek europejski:<\/strong> <a href=\"https:\/\/www.dayco.com\/emea-pl\/environmental-packaging-labelling-emea\/\">Oznakowanie \u015brodowiskowe opakowa\u0144<\/a>[\/vc_column_text][\/toggle][\/toggles][\/vc_column][\/vc_row]\n","protected":false},"excerpt":{"rendered":"<p>[vc_row type=&#8221;in_container&#8221; full_screen_row_position=&#8221;middle&#8221; column_margin=&#8221;default&#8221; column_direction=&#8221;default&#8221; column_direction_tablet=&#8221;default&#8221; column_direction_phone=&#8221;default&#8221; scene_position=&#8221;center&#8221; text_color=&#8221;dark&#8221; text_align=&#8221;left&#8221; row_border_radius=&#8221;none&#8221; row_border_radius_applies=&#8221;bg&#8221; overflow=&#8221;visible&#8221; overlay_strength=&#8221;0.3&#8243; gradient_direction=&#8221;left_to_right&#8221; shape_divider_position=&#8221;bottom&#8221; bg_image_animation=&#8221;none&#8221;][vc_column column_padding=&#8221;no-extra-padding&#8221; column_padding_tablet=&#8221;inherit&#8221; column_padding_phone=&#8221;inherit&#8221; column_padding_position=&#8221;all&#8221; column_element_direction_desktop=&#8221;default&#8221; column_element_spacing=&#8221;default&#8221; desktop_text_alignment=&#8221;default&#8221; tablet_text_alignment=&#8221;default&#8221; phone_text_alignment=&#8221;default&#8221; background_color_opacity=&#8221;1&#8243; background_hover_color_opacity=&#8221;1&#8243; column_backdrop_filter=&#8221;none&#8221; column_shadow=&#8221;none&#8221; column_border_radius=&#8221;none&#8221; column_link_target=&#8221;_self&#8221; column_position=&#8221;default&#8221; gradient_direction=&#8221;left_to_right&#8221; overlay_strength=&#8221;0.3&#8243; width=&#8221;1\/1&#8243; tablet_width_inherit=&#8221;default&#8221; animation_type=&#8221;default&#8221; bg_image_animation=&#8221;none&#8221; border_type=&#8221;simple&#8221; column_border_width=&#8221;none&#8221; column_border_style=&#8221;solid&#8221;][vc_column_text css=&#8221;&#8221; text_direction=&#8221;default&#8221;] Narz\u0119dzie uniwersalne 2 narz\u0119dzia w jednym Szybki i prosty w u\u017cyciu Jedno narz\u0119dzie do usuwania, jedno narz\u0119dzie do monta\u017cu Zawsze obracaj&#8230;<\/p>\n","protected":false},"author":7,"featured_media":48174,"comment_status":"closed","ping_status":"closed","sticky":false,"template":"","format":"standard","meta":{"_acf_changed":false,"inline_featured_image":false,"footnotes":""},"categories":[3231],"tags":[913,905],"class_list":["post-48200","post","type-post","status-publish","format-standard","has-post-thumbnail","category-installation-tools","tag-heavy-duty-am","tag-light-duty-am"],"acf":[],"yoast_head":"<!-- This site is optimized with the Yoast SEO Premium plugin v28.4 (Yoast SEO v28.4) - https:\/\/yoast.com\/product\/yoast-seo-premium-wordpress\/ -->\n<title>Dayco | Narz\u0119dzie do Demonta\u017cu Paska \/ Narz\u0119dzie do Monta\u017cu - EMEA | PL<\/title>\n<meta name=\"description\" content=\"[vc_row type=&#8221;in_container&#8221; full_screen_row_position=&#8221;middle&#8221; column_margin=&#8221;default&#8221; column_direction=&#8221;default&#8221; column_direction_tablet=&#8221;default&#8221; column_direction_phone=&#8221;default&#8221; scene_position=&#8221;center&#8221; text_color=&#8221;dark&#8221; text_align=&#8221;left&#8221; row_border_radius=&#8221;none&#8221; row_border_radius_applies=&#8221;bg&#8221; overflow=&#8221;visible&#8221; overlay_strength=&#8221;0.3&#8243; gradient_direction=&#8221;left_to_right&#8221; shape_divider_position=&#8221;bottom&#8221; bg_image_animation=&#8221;none&#8221;][vc_column column_padding=&#8221;no-extra-padding&#8221; column_padding_tablet=&#8221;inherit&#8221; column_padding_phone=&#8221;inherit&#8221; column_padding_position=&#8221;all&#8221; column_element_direction_desktop=&#8221;default&#8221; column_element_spacing=&#8221;default&#8221; desktop_text_alignment=&#8221;default&#8221; tablet_text_alignment=&#8221;default&#8221;...\" \/>\n<meta name=\"robots\" content=\"index, follow, max-snippet:-1, max-image-preview:large, max-video-preview:-1\" \/>\n<link rel=\"canonical\" href=\"https:\/\/www.dayco.com\/emea-pl\/products\/aftermarket-products\/installation-tools\/narzedzie-do-demontazu-paska-narzedzie-do-montazu\/\" \/>\n<meta property=\"og:locale\" content=\"pl_PL\" \/>\n<meta property=\"og:type\" content=\"article\" \/>\n<meta property=\"og:title\" content=\"Dayco | Narz\u0119dzie do Demonta\u017cu Paska \/ Narz\u0119dzie do Monta\u017cu - EMEA | PL\" \/>\n<meta property=\"og:description\" content=\"[vc_row type=&#8221;in_container&#8221; full_screen_row_position=&#8221;middle&#8221; column_margin=&#8221;default&#8221; column_direction=&#8221;default&#8221; column_direction_tablet=&#8221;default&#8221; column_direction_phone=&#8221;default&#8221; scene_position=&#8221;center&#8221; text_color=&#8221;dark&#8221; text_align=&#8221;left&#8221; row_border_radius=&#8221;none&#8221; row_border_radius_applies=&#8221;bg&#8221; overflow=&#8221;visible&#8221; overlay_strength=&#8221;0.3&#8243; gradient_direction=&#8221;left_to_right&#8221; shape_divider_position=&#8221;bottom&#8221; bg_image_animation=&#8221;none&#8221;][vc_column column_padding=&#8221;no-extra-padding&#8221; column_padding_tablet=&#8221;inherit&#8221; column_padding_phone=&#8221;inherit&#8221; column_padding_position=&#8221;all&#8221; column_element_direction_desktop=&#8221;default&#8221; column_element_spacing=&#8221;default&#8221; desktop_text_alignment=&#8221;default&#8221; tablet_text_alignment=&#8221;default&#8221;...\" \/>\n<meta property=\"og:url\" content=\"https:\/\/www.dayco.com\/emea-pl\/products\/aftermarket-products\/installation-tools\/narzedzie-do-demontazu-paska-narzedzie-do-montazu\/\" \/>\n<meta property=\"og:site_name\" content=\"Dayco Official\" \/>\n<meta property=\"article:publisher\" content=\"https:\/\/www.facebook.com\/DaycoOfficial\/\" \/>\n<meta property=\"article:published_time\" content=\"2025-03-14T14:05:32+00:00\" \/>\n<meta property=\"article:modified_time\" content=\"2025-03-14T14:13:04+00:00\" \/>\n<meta property=\"og:image\" content=\"https:\/\/www.dayco.com\/wp-content\/uploads\/2025\/03\/tool15-1.jpg\" \/>\n\t<meta property=\"og:image:width\" content=\"609\" \/>\n\t<meta property=\"og:image:height\" content=\"356\" \/>\n\t<meta property=\"og:image:type\" content=\"image\/jpeg\" \/>\n<meta name=\"author\" content=\"a.driusso\" \/>\n<meta name=\"twitter:card\" content=\"summary_large_image\" \/>\n<meta name=\"twitter:creator\" content=\"@DaycoOfficial\" \/>\n<meta name=\"twitter:site\" content=\"@DaycoOfficial\" \/>\n<script type=\"application\/ld+json\" class=\"yoast-schema-graph\">{\"@context\":\"https:\\\/\\\/schema.org\",\"@graph\":[{\"@type\":\"Article\",\"@id\":\"https:\\\/\\\/www.dayco.com\\\/emea-pl\\\/products\\\/aftermarket-products\\\/installation-tools\\\/narzedzie-do-demontazu-paska-narzedzie-do-montazu\\\/#article\",\"isPartOf\":{\"@id\":\"https:\\\/\\\/www.dayco.com\\\/emea-pl\\\/products\\\/aftermarket-products\\\/installation-tools\\\/narzedzie-do-demontazu-paska-narzedzie-do-montazu\\\/\"},\"author\":{\"name\":\"a.driusso\",\"@id\":\"https:\\\/\\\/www.dayco.com\\\/emea-pl\\\/#\\\/schema\\\/person\\\/0325c0932b79e25a59c7d684c556e27e\"},\"headline\":\"Narz\u0119dzie do Demonta\u017cu Paska \\\/ Narz\u0119dzie do Monta\u017cu\",\"datePublished\":\"2025-03-14T14:05:32+00:00\",\"dateModified\":\"2025-03-14T14:13:04+00:00\",\"mainEntityOfPage\":{\"@id\":\"https:\\\/\\\/www.dayco.com\\\/emea-pl\\\/products\\\/aftermarket-products\\\/installation-tools\\\/narzedzie-do-demontazu-paska-narzedzie-do-montazu\\\/\"},\"wordCount\":403,\"publisher\":{\"@id\":\"https:\\\/\\\/www.dayco.com\\\/emea-pl\\\/#organization\"},\"image\":{\"@id\":\"https:\\\/\\\/www.dayco.com\\\/emea-pl\\\/products\\\/aftermarket-products\\\/installation-tools\\\/narzedzie-do-demontazu-paska-narzedzie-do-montazu\\\/#primaryimage\"},\"thumbnailUrl\":\"https:\\\/\\\/www.dayco.com\\\/wp-content\\\/uploads\\\/2025\\\/03\\\/tool15-1.jpg\",\"keywords\":[\"heavy-duty-am\",\"light-duty-am\"],\"articleSection\":[\"Narz\u0119dzia Instalacyjne\"],\"inLanguage\":\"pl-PL\"},{\"@type\":\"WebPage\",\"@id\":\"https:\\\/\\\/www.dayco.com\\\/emea-pl\\\/products\\\/aftermarket-products\\\/installation-tools\\\/narzedzie-do-demontazu-paska-narzedzie-do-montazu\\\/\",\"url\":\"https:\\\/\\\/www.dayco.com\\\/emea-pl\\\/products\\\/aftermarket-products\\\/installation-tools\\\/narzedzie-do-demontazu-paska-narzedzie-do-montazu\\\/\",\"name\":\"Dayco | Narz\u0119dzie do Demonta\u017cu Paska \\\/ Narz\u0119dzie do Monta\u017cu - [language]\",\"isPartOf\":{\"@id\":\"https:\\\/\\\/www.dayco.com\\\/emea-pl\\\/#website\"},\"primaryImageOfPage\":{\"@id\":\"https:\\\/\\\/www.dayco.com\\\/emea-pl\\\/products\\\/aftermarket-products\\\/installation-tools\\\/narzedzie-do-demontazu-paska-narzedzie-do-montazu\\\/#primaryimage\"},\"image\":{\"@id\":\"https:\\\/\\\/www.dayco.com\\\/emea-pl\\\/products\\\/aftermarket-products\\\/installation-tools\\\/narzedzie-do-demontazu-paska-narzedzie-do-montazu\\\/#primaryimage\"},\"thumbnailUrl\":\"https:\\\/\\\/www.dayco.com\\\/wp-content\\\/uploads\\\/2025\\\/03\\\/tool15-1.jpg\",\"datePublished\":\"2025-03-14T14:05:32+00:00\",\"dateModified\":\"2025-03-14T14:13:04+00:00\",\"description\":\"[post_excerpt]\",\"breadcrumb\":{\"@id\":\"https:\\\/\\\/www.dayco.com\\\/emea-pl\\\/products\\\/aftermarket-products\\\/installation-tools\\\/narzedzie-do-demontazu-paska-narzedzie-do-montazu\\\/#breadcrumb\"},\"inLanguage\":\"pl-PL\",\"potentialAction\":[{\"@type\":\"ReadAction\",\"target\":[\"https:\\\/\\\/www.dayco.com\\\/emea-pl\\\/products\\\/aftermarket-products\\\/installation-tools\\\/narzedzie-do-demontazu-paska-narzedzie-do-montazu\\\/\"]}]},{\"@type\":\"ImageObject\",\"inLanguage\":\"pl-PL\",\"@id\":\"https:\\\/\\\/www.dayco.com\\\/emea-pl\\\/products\\\/aftermarket-products\\\/installation-tools\\\/narzedzie-do-demontazu-paska-narzedzie-do-montazu\\\/#primaryimage\",\"url\":\"https:\\\/\\\/www.dayco.com\\\/wp-content\\\/uploads\\\/2025\\\/03\\\/tool15-1.jpg\",\"contentUrl\":\"https:\\\/\\\/www.dayco.com\\\/wp-content\\\/uploads\\\/2025\\\/03\\\/tool15-1.jpg\",\"width\":609,\"height\":356},{\"@type\":\"BreadcrumbList\",\"@id\":\"https:\\\/\\\/www.dayco.com\\\/emea-pl\\\/products\\\/aftermarket-products\\\/installation-tools\\\/narzedzie-do-demontazu-paska-narzedzie-do-montazu\\\/#breadcrumb\",\"itemListElement\":[{\"@type\":\"ListItem\",\"position\":1,\"name\":\"Strona G\u0142\u00f3wna\",\"item\":\"https:\\\/\\\/www.dayco.com\\\/emea-pl\\\/\"},{\"@type\":\"ListItem\",\"position\":2,\"name\":\"Produkt\u00f3w\",\"item\":\"https:\\\/\\\/www.dayco.com\\\/emea-pl\\\/.\\\/products\\\/\"},{\"@type\":\"ListItem\",\"position\":3,\"name\":\"Produkty Aftermarket\",\"item\":\"https:\\\/\\\/www.dayco.com\\\/emea-pl\\\/.\\\/products\\\/aftermarket-products\\\/\"},{\"@type\":\"ListItem\",\"position\":4,\"name\":\"Narz\u0119dzia Instalacyjne\",\"item\":\"https:\\\/\\\/www.dayco.com\\\/emea-pl\\\/.\\\/products\\\/aftermarket-products\\\/installation-tools\\\/\"},{\"@type\":\"ListItem\",\"position\":5,\"name\":\"Narz\u0119dzie do Demonta\u017cu Paska \\\/ Narz\u0119dzie do Monta\u017cu\"}]},{\"@type\":\"WebSite\",\"@id\":\"https:\\\/\\\/www.dayco.com\\\/emea-pl\\\/#website\",\"url\":\"https:\\\/\\\/www.dayco.com\\\/emea-pl\\\/\",\"name\":\"Dayco Official\",\"description\":\"Move Forward. Always.\u2122\",\"publisher\":{\"@id\":\"https:\\\/\\\/www.dayco.com\\\/emea-pl\\\/#organization\"},\"alternateName\":\"Dayco\",\"potentialAction\":[{\"@type\":\"SearchAction\",\"target\":{\"@type\":\"EntryPoint\",\"urlTemplate\":\"https:\\\/\\\/www.dayco.com\\\/emea-pl\\\/?s={search_term_string}\"},\"query-input\":{\"@type\":\"PropertyValueSpecification\",\"valueRequired\":true,\"valueName\":\"search_term_string\"}}],\"inLanguage\":\"pl-PL\"},{\"@type\":\"Organization\",\"@id\":\"https:\\\/\\\/www.dayco.com\\\/emea-pl\\\/#organization\",\"name\":\"Dayco\",\"alternateName\":\"Dayco\",\"url\":\"https:\\\/\\\/www.dayco.com\\\/emea-pl\\\/\",\"logo\":{\"@type\":\"ImageObject\",\"inLanguage\":\"pl-PL\",\"@id\":\"https:\\\/\\\/www.dayco.com\\\/emea-pl\\\/#\\\/schema\\\/logo\\\/image\\\/\",\"url\":\"https:\\\/\\\/www.dayco.com\\\/wp-content\\\/uploads\\\/2025\\\/04\\\/Dayco-Logo-SEO-Square.jpg\",\"contentUrl\":\"https:\\\/\\\/www.dayco.com\\\/wp-content\\\/uploads\\\/2025\\\/04\\\/Dayco-Logo-SEO-Square.jpg\",\"width\":696,\"height\":696,\"caption\":\"Dayco\"},\"image\":{\"@id\":\"https:\\\/\\\/www.dayco.com\\\/emea-pl\\\/#\\\/schema\\\/logo\\\/image\\\/\"},\"sameAs\":[\"https:\\\/\\\/www.facebook.com\\\/DaycoOfficial\\\/\",\"https:\\\/\\\/x.com\\\/DaycoOfficial\",\"https:\\\/\\\/www.instagram.com\\\/daycoofficial\\\/\",\"https:\\\/\\\/www.linkedin.com\\\/company\\\/daycoofficial\\\/\",\"https:\\\/\\\/www.youtube.com\\\/DaycoOfficial\",\"https:\\\/\\\/en.wikipedia.org\\\/wiki\\\/Dayco\"],\"description\":\"Dayco is a global leader in the research, design, manufacture and distribution of essential engine drive systems and aftermarket services for automotive, truck, construction, agriculture and industrial applications. Our mission is to deliver innovative products and services to the market that move the world forward, always. With more than 120 years of engineering heritage, Dayco has built a reputation for delivering reliable, efficient, and high\u2011performance drive systems that support customers around the world in meeting the most demanding application requirements. Our deep technical expertise and continuous commitment to innovation enable us to provide advanced system solutions tailored to the evolving needs of global markets. Dayco\u2019s world\u2011class distribution network supplies the aftermarket with a comprehensive offering of kits and components designed to meet the specific needs of each local market. This capability is strengthened by a dedicated global team that acts with ownership, respects one another, and continuously learns to support our customers with excellence.\",\"legalName\":\"Dayco\",\"foundingDate\":\"1905-05-17\",\"vatID\":\"IT00703890673\",\"taxID\":\"231733979\",\"duns\":\"437654916\",\"numberOfEmployees\":{\"@type\":\"QuantitativeValue\",\"minValue\":\"1001\",\"maxValue\":\"5000\"},\"publishingPrinciples\":\"https:\\\/\\\/www.dayco.com\\\/terms-of-use\\\/\",\"ownershipFundingInfo\":\"https:\\\/\\\/www.dayco.com\\\/leadership\\\/\",\"actionableFeedbackPolicy\":\"https:\\\/\\\/www.dayco.com\\\/code-of-conduct\\\/\",\"correctionsPolicy\":\"https:\\\/\\\/www.dayco.com\\\/code-of-conduct\\\/\",\"ethicsPolicy\":\"https:\\\/\\\/www.dayco.com\\\/sustainability\\\/\",\"diversityPolicy\":\"https:\\\/\\\/www.dayco.com\\\/sustainability\\\/\",\"diversityStaffingReport\":\"https:\\\/\\\/www.dayco.com\\\/sustainability\\\/\"},{\"@type\":\"Person\",\"@id\":\"https:\\\/\\\/www.dayco.com\\\/emea-pl\\\/#\\\/schema\\\/person\\\/0325c0932b79e25a59c7d684c556e27e\",\"name\":\"a.driusso\",\"image\":{\"@type\":\"ImageObject\",\"inLanguage\":\"pl-PL\",\"@id\":\"https:\\\/\\\/secure.gravatar.com\\\/avatar\\\/c1578f0ddb593c2e69d97faf42acdcb9eda1ae6034563bb3d813690876f825c2?s=96&d=mm&r=g\",\"url\":\"https:\\\/\\\/secure.gravatar.com\\\/avatar\\\/c1578f0ddb593c2e69d97faf42acdcb9eda1ae6034563bb3d813690876f825c2?s=96&d=mm&r=g\",\"contentUrl\":\"https:\\\/\\\/secure.gravatar.com\\\/avatar\\\/c1578f0ddb593c2e69d97faf42acdcb9eda1ae6034563bb3d813690876f825c2?s=96&d=mm&r=g\",\"caption\":\"a.driusso\"}}]}<\/script>\n<!-- \/ Yoast SEO Premium plugin. -->","yoast_head_json":{"title":"Dayco | Narz\u0119dzie do Demonta\u017cu Paska \/ Narz\u0119dzie do Monta\u017cu - EMEA | PL","description":"[vc_row type=&#8221;in_container&#8221; full_screen_row_position=&#8221;middle&#8221; column_margin=&#8221;default&#8221; column_direction=&#8221;default&#8221; column_direction_tablet=&#8221;default&#8221; column_direction_phone=&#8221;default&#8221; scene_position=&#8221;center&#8221; text_color=&#8221;dark&#8221; text_align=&#8221;left&#8221; row_border_radius=&#8221;none&#8221; row_border_radius_applies=&#8221;bg&#8221; overflow=&#8221;visible&#8221; overlay_strength=&#8221;0.3&#8243; gradient_direction=&#8221;left_to_right&#8221; shape_divider_position=&#8221;bottom&#8221; bg_image_animation=&#8221;none&#8221;][vc_column column_padding=&#8221;no-extra-padding&#8221; column_padding_tablet=&#8221;inherit&#8221; column_padding_phone=&#8221;inherit&#8221; column_padding_position=&#8221;all&#8221; column_element_direction_desktop=&#8221;default&#8221; column_element_spacing=&#8221;default&#8221; desktop_text_alignment=&#8221;default&#8221; tablet_text_alignment=&#8221;default&#8221;...","robots":{"index":"index","follow":"follow","max-snippet":"max-snippet:-1","max-image-preview":"max-image-preview:large","max-video-preview":"max-video-preview:-1"},"canonical":"https:\/\/www.dayco.com\/emea-pl\/products\/aftermarket-products\/installation-tools\/narzedzie-do-demontazu-paska-narzedzie-do-montazu\/","og_locale":"pl_PL","og_type":"article","og_title":"Dayco | Narz\u0119dzie do Demonta\u017cu Paska \/ Narz\u0119dzie do Monta\u017cu - EMEA | PL","og_description":"[vc_row type=&#8221;in_container&#8221; full_screen_row_position=&#8221;middle&#8221; column_margin=&#8221;default&#8221; column_direction=&#8221;default&#8221; column_direction_tablet=&#8221;default&#8221; column_direction_phone=&#8221;default&#8221; scene_position=&#8221;center&#8221; text_color=&#8221;dark&#8221; text_align=&#8221;left&#8221; row_border_radius=&#8221;none&#8221; row_border_radius_applies=&#8221;bg&#8221; overflow=&#8221;visible&#8221; overlay_strength=&#8221;0.3&#8243; gradient_direction=&#8221;left_to_right&#8221; shape_divider_position=&#8221;bottom&#8221; bg_image_animation=&#8221;none&#8221;][vc_column column_padding=&#8221;no-extra-padding&#8221; column_padding_tablet=&#8221;inherit&#8221; column_padding_phone=&#8221;inherit&#8221; column_padding_position=&#8221;all&#8221; column_element_direction_desktop=&#8221;default&#8221; column_element_spacing=&#8221;default&#8221; desktop_text_alignment=&#8221;default&#8221; tablet_text_alignment=&#8221;default&#8221;...","og_url":"https:\/\/www.dayco.com\/emea-pl\/products\/aftermarket-products\/installation-tools\/narzedzie-do-demontazu-paska-narzedzie-do-montazu\/","og_site_name":"Dayco Official","article_publisher":"https:\/\/www.facebook.com\/DaycoOfficial\/","article_published_time":"2025-03-14T14:05:32+00:00","article_modified_time":"2025-03-14T14:13:04+00:00","og_image":[{"width":609,"height":356,"url":"https:\/\/www.dayco.com\/wp-content\/uploads\/2025\/03\/tool15-1.jpg","type":"image\/jpeg"}],"author":"a.driusso","twitter_card":"summary_large_image","twitter_creator":"@DaycoOfficial","twitter_site":"@DaycoOfficial","schema":{"@context":"https:\/\/schema.org","@graph":[{"@type":"Article","@id":"https:\/\/www.dayco.com\/emea-pl\/products\/aftermarket-products\/installation-tools\/narzedzie-do-demontazu-paska-narzedzie-do-montazu\/#article","isPartOf":{"@id":"https:\/\/www.dayco.com\/emea-pl\/products\/aftermarket-products\/installation-tools\/narzedzie-do-demontazu-paska-narzedzie-do-montazu\/"},"author":{"name":"a.driusso","@id":"https:\/\/www.dayco.com\/emea-pl\/#\/schema\/person\/0325c0932b79e25a59c7d684c556e27e"},"headline":"Narz\u0119dzie do Demonta\u017cu Paska \/ Narz\u0119dzie do Monta\u017cu","datePublished":"2025-03-14T14:05:32+00:00","dateModified":"2025-03-14T14:13:04+00:00","mainEntityOfPage":{"@id":"https:\/\/www.dayco.com\/emea-pl\/products\/aftermarket-products\/installation-tools\/narzedzie-do-demontazu-paska-narzedzie-do-montazu\/"},"wordCount":403,"publisher":{"@id":"https:\/\/www.dayco.com\/emea-pl\/#organization"},"image":{"@id":"https:\/\/www.dayco.com\/emea-pl\/products\/aftermarket-products\/installation-tools\/narzedzie-do-demontazu-paska-narzedzie-do-montazu\/#primaryimage"},"thumbnailUrl":"https:\/\/www.dayco.com\/wp-content\/uploads\/2025\/03\/tool15-1.jpg","keywords":["heavy-duty-am","light-duty-am"],"articleSection":["Narz\u0119dzia Instalacyjne"],"inLanguage":"pl-PL"},{"@type":"WebPage","@id":"https:\/\/www.dayco.com\/emea-pl\/products\/aftermarket-products\/installation-tools\/narzedzie-do-demontazu-paska-narzedzie-do-montazu\/","url":"https:\/\/www.dayco.com\/emea-pl\/products\/aftermarket-products\/installation-tools\/narzedzie-do-demontazu-paska-narzedzie-do-montazu\/","name":"Dayco | Narz\u0119dzie do Demonta\u017cu Paska \/ Narz\u0119dzie do Monta\u017cu - [language]","isPartOf":{"@id":"https:\/\/www.dayco.com\/emea-pl\/#website"},"primaryImageOfPage":{"@id":"https:\/\/www.dayco.com\/emea-pl\/products\/aftermarket-products\/installation-tools\/narzedzie-do-demontazu-paska-narzedzie-do-montazu\/#primaryimage"},"image":{"@id":"https:\/\/www.dayco.com\/emea-pl\/products\/aftermarket-products\/installation-tools\/narzedzie-do-demontazu-paska-narzedzie-do-montazu\/#primaryimage"},"thumbnailUrl":"https:\/\/www.dayco.com\/wp-content\/uploads\/2025\/03\/tool15-1.jpg","datePublished":"2025-03-14T14:05:32+00:00","dateModified":"2025-03-14T14:13:04+00:00","description":"[post_excerpt]","breadcrumb":{"@id":"https:\/\/www.dayco.com\/emea-pl\/products\/aftermarket-products\/installation-tools\/narzedzie-do-demontazu-paska-narzedzie-do-montazu\/#breadcrumb"},"inLanguage":"pl-PL","potentialAction":[{"@type":"ReadAction","target":["https:\/\/www.dayco.com\/emea-pl\/products\/aftermarket-products\/installation-tools\/narzedzie-do-demontazu-paska-narzedzie-do-montazu\/"]}]},{"@type":"ImageObject","inLanguage":"pl-PL","@id":"https:\/\/www.dayco.com\/emea-pl\/products\/aftermarket-products\/installation-tools\/narzedzie-do-demontazu-paska-narzedzie-do-montazu\/#primaryimage","url":"https:\/\/www.dayco.com\/wp-content\/uploads\/2025\/03\/tool15-1.jpg","contentUrl":"https:\/\/www.dayco.com\/wp-content\/uploads\/2025\/03\/tool15-1.jpg","width":609,"height":356},{"@type":"BreadcrumbList","@id":"https:\/\/www.dayco.com\/emea-pl\/products\/aftermarket-products\/installation-tools\/narzedzie-do-demontazu-paska-narzedzie-do-montazu\/#breadcrumb","itemListElement":[{"@type":"ListItem","position":1,"name":"Strona G\u0142\u00f3wna","item":"https:\/\/www.dayco.com\/emea-pl\/"},{"@type":"ListItem","position":2,"name":"Produkt\u00f3w","item":"https:\/\/www.dayco.com\/emea-pl\/.\/products\/"},{"@type":"ListItem","position":3,"name":"Produkty Aftermarket","item":"https:\/\/www.dayco.com\/emea-pl\/.\/products\/aftermarket-products\/"},{"@type":"ListItem","position":4,"name":"Narz\u0119dzia Instalacyjne","item":"https:\/\/www.dayco.com\/emea-pl\/.\/products\/aftermarket-products\/installation-tools\/"},{"@type":"ListItem","position":5,"name":"Narz\u0119dzie do Demonta\u017cu Paska \/ Narz\u0119dzie do Monta\u017cu"}]},{"@type":"WebSite","@id":"https:\/\/www.dayco.com\/emea-pl\/#website","url":"https:\/\/www.dayco.com\/emea-pl\/","name":"Dayco Official","description":"Move Forward. Always.\u2122","publisher":{"@id":"https:\/\/www.dayco.com\/emea-pl\/#organization"},"alternateName":"Dayco","potentialAction":[{"@type":"SearchAction","target":{"@type":"EntryPoint","urlTemplate":"https:\/\/www.dayco.com\/emea-pl\/?s={search_term_string}"},"query-input":{"@type":"PropertyValueSpecification","valueRequired":true,"valueName":"search_term_string"}}],"inLanguage":"pl-PL"},{"@type":"Organization","@id":"https:\/\/www.dayco.com\/emea-pl\/#organization","name":"Dayco","alternateName":"Dayco","url":"https:\/\/www.dayco.com\/emea-pl\/","logo":{"@type":"ImageObject","inLanguage":"pl-PL","@id":"https:\/\/www.dayco.com\/emea-pl\/#\/schema\/logo\/image\/","url":"https:\/\/www.dayco.com\/wp-content\/uploads\/2025\/04\/Dayco-Logo-SEO-Square.jpg","contentUrl":"https:\/\/www.dayco.com\/wp-content\/uploads\/2025\/04\/Dayco-Logo-SEO-Square.jpg","width":696,"height":696,"caption":"Dayco"},"image":{"@id":"https:\/\/www.dayco.com\/emea-pl\/#\/schema\/logo\/image\/"},"sameAs":["https:\/\/www.facebook.com\/DaycoOfficial\/","https:\/\/x.com\/DaycoOfficial","https:\/\/www.instagram.com\/daycoofficial\/","https:\/\/www.linkedin.com\/company\/daycoofficial\/","https:\/\/www.youtube.com\/DaycoOfficial","https:\/\/en.wikipedia.org\/wiki\/Dayco"],"description":"Dayco is a global leader in the research, design, manufacture and distribution of essential engine drive systems and aftermarket services for automotive, truck, construction, agriculture and industrial applications. Our mission is to deliver innovative products and services to the market that move the world forward, always. With more than 120 years of engineering heritage, Dayco has built a reputation for delivering reliable, efficient, and high\u2011performance drive systems that support customers around the world in meeting the most demanding application requirements. Our deep technical expertise and continuous commitment to innovation enable us to provide advanced system solutions tailored to the evolving needs of global markets. Dayco\u2019s world\u2011class distribution network supplies the aftermarket with a comprehensive offering of kits and components designed to meet the specific needs of each local market. This capability is strengthened by a dedicated global team that acts with ownership, respects one another, and continuously learns to support our customers with excellence.","legalName":"Dayco","foundingDate":"1905-05-17","vatID":"IT00703890673","taxID":"231733979","duns":"437654916","numberOfEmployees":{"@type":"QuantitativeValue","minValue":"1001","maxValue":"5000"},"publishingPrinciples":"https:\/\/www.dayco.com\/terms-of-use\/","ownershipFundingInfo":"https:\/\/www.dayco.com\/leadership\/","actionableFeedbackPolicy":"https:\/\/www.dayco.com\/code-of-conduct\/","correctionsPolicy":"https:\/\/www.dayco.com\/code-of-conduct\/","ethicsPolicy":"https:\/\/www.dayco.com\/sustainability\/","diversityPolicy":"https:\/\/www.dayco.com\/sustainability\/","diversityStaffingReport":"https:\/\/www.dayco.com\/sustainability\/"},{"@type":"Person","@id":"https:\/\/www.dayco.com\/emea-pl\/#\/schema\/person\/0325c0932b79e25a59c7d684c556e27e","name":"a.driusso","image":{"@type":"ImageObject","inLanguage":"pl-PL","@id":"https:\/\/secure.gravatar.com\/avatar\/c1578f0ddb593c2e69d97faf42acdcb9eda1ae6034563bb3d813690876f825c2?s=96&d=mm&r=g","url":"https:\/\/secure.gravatar.com\/avatar\/c1578f0ddb593c2e69d97faf42acdcb9eda1ae6034563bb3d813690876f825c2?s=96&d=mm&r=g","contentUrl":"https:\/\/secure.gravatar.com\/avatar\/c1578f0ddb593c2e69d97faf42acdcb9eda1ae6034563bb3d813690876f825c2?s=96&d=mm&r=g","caption":"a.driusso"}}]}},"_links":{"self":[{"href":"https:\/\/www.dayco.com\/emea-pl\/wp-json\/wp\/v2\/posts\/48200","targetHints":{"allow":["GET"]}}],"collection":[{"href":"https:\/\/www.dayco.com\/emea-pl\/wp-json\/wp\/v2\/posts"}],"about":[{"href":"https:\/\/www.dayco.com\/emea-pl\/wp-json\/wp\/v2\/types\/post"}],"author":[{"embeddable":true,"href":"https:\/\/www.dayco.com\/emea-pl\/wp-json\/wp\/v2\/users\/7"}],"replies":[{"embeddable":true,"href":"https:\/\/www.dayco.com\/emea-pl\/wp-json\/wp\/v2\/comments?post=48200"}],"version-history":[{"count":0,"href":"https:\/\/www.dayco.com\/emea-pl\/wp-json\/wp\/v2\/posts\/48200\/revisions"}],"wp:featuredmedia":[{"embeddable":true,"href":"https:\/\/www.dayco.com\/emea-pl\/wp-json\/wp\/v2\/media\/48174"}],"wp:attachment":[{"href":"https:\/\/www.dayco.com\/emea-pl\/wp-json\/wp\/v2\/media?parent=48200"}],"wp:term":[{"taxonomy":"category","embeddable":true,"href":"https:\/\/www.dayco.com\/emea-pl\/wp-json\/wp\/v2\/categories?post=48200"},{"taxonomy":"post_tag","embeddable":true,"href":"https:\/\/www.dayco.com\/emea-pl\/wp-json\/wp\/v2\/tags?post=48200"}],"curies":[{"name":"wp","href":"https:\/\/api.w.org\/{rel}","templated":true}]}}