{"id":27663,"date":"2025-01-01T01:09:59","date_gmt":"2025-01-01T00:09:59","guid":{"rendered":"https:\/\/www.dayco.com\/?p=27663"},"modified":"2025-02-06T16:06:29","modified_gmt":"2025-02-06T16:06:29","slug":"banda-para-motonieve-power-xtx","status":"publish","type":"post","link":"https:\/\/www.dayco.com\/emea-es\/products\/aftermarket-products\/correas-cvt\/banda-para-motonieve-power-xtx\/","title":{"rendered":"Banda para Motonieve POWER XTX\u2122"},"content":{"rendered":"[vc_row type=\u00bbin_container\u00bb full_screen_row_position=\u00bbmiddle\u00bb column_margin=\u00bbdefault\u00bb column_direction=\u00bbdefault\u00bb column_direction_tablet=\u00bbdefault\u00bb column_direction_phone=\u00bbdefault\u00bb scene_position=\u00bbcenter\u00bb text_color=\u00bbdark\u00bb text_align=\u00bbleft\u00bb row_border_radius=\u00bbnone\u00bb row_border_radius_applies=\u00bbbg\u00bb overflow=\u00bbvisible\u00bb overlay_strength=\u00bb0.3&#8243; gradient_direction=\u00bbleft_to_right\u00bb shape_divider_position=\u00bbbottom\u00bb bg_image_animation=\u00bbnone\u00bb][vc_column column_padding=\u00bbno-extra-padding\u00bb column_padding_tablet=\u00bbinherit\u00bb column_padding_phone=\u00bbinherit\u00bb column_padding_position=\u00bball\u00bb column_element_direction_desktop=\u00bbdefault\u00bb column_element_spacing=\u00bbdefault\u00bb desktop_text_alignment=\u00bbdefault\u00bb tablet_text_alignment=\u00bbdefault\u00bb phone_text_alignment=\u00bbdefault\u00bb background_color_opacity=\u00bb1&#8243; background_hover_color_opacity=\u00bb1&#8243; column_backdrop_filter=\u00bbnone\u00bb column_shadow=\u00bbnone\u00bb column_border_radius=\u00bbnone\u00bb column_link_target=\u00bb_self\u00bb column_position=\u00bbdefault\u00bb gradient_direction=\u00bbleft_to_right\u00bb overlay_strength=\u00bb0.3&#8243; width=\u00bb1\/1&#8243; tablet_width_inherit=\u00bbdefault\u00bb animation_type=\u00bbdefault\u00bb bg_image_animation=\u00bbnone\u00bb border_type=\u00bbsimple\u00bb column_border_width=\u00bbnone\u00bb column_border_style=\u00bbsolid\u00bb][vc_column_text css=\u00bb\u00bb text_direction=\u00bbdefault\u00bb]La banda para motonieve Dayco XTX fue creada por un grupo de fabricantes de bandas con experiencia y tiene la finalidad espec\u00edfica de maximizar el rendimiento en las motos de nieve m\u00e1s extremas y de gran potencia. Ganarles a los competidores durante una carrera es s\u00f3lo uno de los muchos aspectos que separan a la banda XTN de las de los competidores. El pol\u00edmero de alta temperatura especialmente formulado junto con el nivel m\u00e1s alto de refuerzo produce mejores resultados en cuanto a la temperatura de funcionamiento de la banda y la eficacia en comparaci\u00f3n con las de los principales competidores. El innovador dise\u00f1o con dientes m\u00e1s profundos en el lado superior y dientes redondeados en la parte inferior proporciona las ventajas de flexibilidad ulterior y mayor duraci\u00f3n de la banda, y adem\u00e1s es una mejor alternativa que la banda original.[\/vc_column_text][\/vc_column][\/vc_row][vc_row type=\u00bbin_container\u00bb full_screen_row_position=\u00bbmiddle\u00bb column_margin=\u00bbdefault\u00bb column_direction=\u00bbdefault\u00bb column_direction_tablet=\u00bbdefault\u00bb column_direction_phone=\u00bbdefault\u00bb scene_position=\u00bbcenter\u00bb text_color=\u00bbdark\u00bb text_align=\u00bbleft\u00bb row_border_radius=\u00bbnone\u00bb row_border_radius_applies=\u00bbbg\u00bb overflow=\u00bbvisible\u00bb overlay_strength=\u00bb0.3&#8243; gradient_direction=\u00bbleft_to_right\u00bb shape_divider_position=\u00bbbottom\u00bb bg_image_animation=\u00bbnone\u00bb gradient_type=\u00bbdefault\u00bb shape_type=\u00bb\u00bb][vc_column column_padding=\u00bbno-extra-padding\u00bb column_padding_tablet=\u00bbinherit\u00bb column_padding_phone=\u00bbinherit\u00bb column_padding_position=\u00bball\u00bb column_element_direction_desktop=\u00bbdefault\u00bb column_element_spacing=\u00bbdefault\u00bb desktop_text_alignment=\u00bbdefault\u00bb tablet_text_alignment=\u00bbdefault\u00bb phone_text_alignment=\u00bbdefault\u00bb background_color_opacity=\u00bb1&#8243; background_hover_color_opacity=\u00bb1&#8243; column_backdrop_filter=\u00bbnone\u00bb column_shadow=\u00bbnone\u00bb column_border_radius=\u00bbnone\u00bb column_link_target=\u00bb_self\u00bb column_position=\u00bbdefault\u00bb gradient_direction=\u00bbleft_to_right\u00bb overlay_strength=\u00bb0.3&#8243; width=\u00bb1\/1&#8243; tablet_width_inherit=\u00bbdefault\u00bb animation_type=\u00bbdefault\u00bb bg_image_animation=\u00bbnone\u00bb border_type=\u00bbsimple\u00bb column_border_width=\u00bbnone\u00bb column_border_style=\u00bbsolid\u00bb][toggles style=\u00bbminimal\u00bb][toggle color=\u00bbDefault\u00bb heading_tag=\u00bbdefault\u00bb heading_tag_functionality=\u00bbdefault\u00bb title=\u00bbAdditional information\u00bb][vc_column_text css=\u00bb\u00bb text_direction=\u00bbdefault\u00bb]La banda Dayco XTX para motonieve ofrece:<\/p>\n<ul>\n<li>Respuesta de aceleraci\u00f3n m\u00e1s r\u00e1pida y m\u00e1s uniforme a altas velocidades<\/li>\n<li>Respuesta de aceleraci\u00f3n m\u00e1s r\u00e1pida con aceleraci\u00f3n media<\/li>\n<li>Mayor aceleraci\u00f3n secundaria en altas RPM<\/li>\n<li>Mayor aceleraci\u00f3n secundaria a medida que aumenta la aceleraci\u00f3n primaria<\/li>\n<li>Reducci\u00f3n del deslizamiento durante los niveles m\u00e1s altos de torque<\/li>\n<li>Proporciona m\u00e1s potencia para centrarse<\/li>\n<li>Mejor rendimiento durante la desaceleraci\u00f3n (mejor respuesta de frenado del motor).<\/li>\n<li>Se someti\u00f3 a prueba y se comprob\u00f3 su funcionamiento fiable a mucho m\u00e1s de 12,000 RPM<\/li>\n<li>Temperatura de funcionamiento m\u00e1s baja que las bandas de los principales competidores<\/li>\n<\/ul>\n<p><strong>Mercado europeo:<\/strong> <a href=\"\/emea-es\/environmental-packaging-labelling-emea\/\">Etiquetado medioambiental de envases<\/a>[\/vc_column_text][\/toggle][\/toggles][\/vc_column][\/vc_row]\n","protected":false},"excerpt":{"rendered":"<p>[vc_row type=\u00bbin_container\u00bb full_screen_row_position=\u00bbmiddle\u00bb column_margin=\u00bbdefault\u00bb column_direction=\u00bbdefault\u00bb column_direction_tablet=\u00bbdefault\u00bb column_direction_phone=\u00bbdefault\u00bb scene_position=\u00bbcenter\u00bb text_color=\u00bbdark\u00bb text_align=\u00bbleft\u00bb row_border_radius=\u00bbnone\u00bb row_border_radius_applies=\u00bbbg\u00bb overflow=\u00bbvisible\u00bb overlay_strength=\u00bb0.3&#8243; gradient_direction=\u00bbleft_to_right\u00bb shape_divider_position=\u00bbbottom\u00bb bg_image_animation=\u00bbnone\u00bb][vc_column column_padding=\u00bbno-extra-padding\u00bb column_padding_tablet=\u00bbinherit\u00bb column_padding_phone=\u00bbinherit\u00bb column_padding_position=\u00bball\u00bb column_element_direction_desktop=\u00bbdefault\u00bb column_element_spacing=\u00bbdefault\u00bb desktop_text_alignment=\u00bbdefault\u00bb tablet_text_alignment=\u00bbdefault\u00bb phone_text_alignment=\u00bbdefault\u00bb background_color_opacity=\u00bb1&#8243; background_hover_color_opacity=\u00bb1&#8243; column_backdrop_filter=\u00bbnone\u00bb column_shadow=\u00bbnone\u00bb column_border_radius=\u00bbnone\u00bb column_link_target=\u00bb_self\u00bb column_position=\u00bbdefault\u00bb gradient_direction=\u00bbleft_to_right\u00bb overlay_strength=\u00bb0.3&#8243; width=\u00bb1\/1&#8243; tablet_width_inherit=\u00bbdefault\u00bb animation_type=\u00bbdefault\u00bb bg_image_animation=\u00bbnone\u00bb border_type=\u00bbsimple\u00bb column_border_width=\u00bbnone\u00bb column_border_style=\u00bbsolid\u00bb][vc_column_text css=\u00bb\u00bb text_direction=\u00bbdefault\u00bb]La banda para motonieve Dayco XTX fue creada por un grupo de fabricantes de bandas con experiencia y tiene la finalidad espec\u00edfica&#8230;<\/p>\n","protected":false},"author":7,"featured_media":25403,"comment_status":"closed","ping_status":"closed","sticky":false,"template":"","format":"standard","meta":{"_acf_changed":false,"inline_featured_image":false,"footnotes":""},"categories":[971],"tags":[981],"class_list":["post-27663","post","type-post","status-publish","format-standard","has-post-thumbnail","category-correas-cvt","tag-powersport-am"],"acf":[],"yoast_head":"<!-- This site is optimized with the Yoast SEO Premium plugin v28.4 (Yoast SEO v28.4) - https:\/\/yoast.com\/product\/yoast-seo-premium-wordpress\/ -->\n<title>Dayco | Banda para Motonieve POWER XTX\u2122 - EMEA | ES<\/title>\n<meta name=\"description\" content=\"[vc_row type=\u00bbin_container\u00bb full_screen_row_position=\u00bbmiddle\u00bb column_margin=\u00bbdefault\u00bb column_direction=\u00bbdefault\u00bb column_direction_tablet=\u00bbdefault\u00bb column_direction_phone=\u00bbdefault\u00bb scene_position=\u00bbcenter\u00bb text_color=\u00bbdark\u00bb text_align=\u00bbleft\u00bb row_border_radius=\u00bbnone\u00bb row_border_radius_applies=\u00bbbg\u00bb overflow=\u00bbvisible\u00bb overlay_strength=\u00bb0.3&#8243; gradient_direction=\u00bbleft_to_right\u00bb shape_divider_position=\u00bbbottom\u00bb bg_image_animation=\u00bbnone\u00bb][vc_column column_padding=\u00bbno-extra-padding\u00bb column_padding_tablet=\u00bbinherit\u00bb column_padding_phone=\u00bbinherit\u00bb column_padding_position=\u00bball\u00bb column_element_direction_desktop=\u00bbdefault\u00bb column_element_spacing=\u00bbdefault\u00bb desktop_text_alignment=\u00bbdefault\u00bb tablet_text_alignment=\u00bbdefault\u00bb...\" \/>\n<meta name=\"robots\" content=\"index, follow, max-snippet:-1, max-image-preview:large, max-video-preview:-1\" \/>\n<link rel=\"canonical\" href=\"https:\/\/www.dayco.com\/emea-es\/products\/aftermarket-products\/correas-cvt\/banda-para-motonieve-power-xtx\/\" \/>\n<meta property=\"og:locale\" content=\"es_ES\" \/>\n<meta property=\"og:type\" content=\"article\" \/>\n<meta property=\"og:title\" content=\"Dayco | Banda para Motonieve POWER XTX\u2122 - EMEA | ES\" \/>\n<meta property=\"og:description\" content=\"[vc_row type=\u00bbin_container\u00bb full_screen_row_position=\u00bbmiddle\u00bb column_margin=\u00bbdefault\u00bb column_direction=\u00bbdefault\u00bb column_direction_tablet=\u00bbdefault\u00bb column_direction_phone=\u00bbdefault\u00bb scene_position=\u00bbcenter\u00bb text_color=\u00bbdark\u00bb text_align=\u00bbleft\u00bb row_border_radius=\u00bbnone\u00bb row_border_radius_applies=\u00bbbg\u00bb overflow=\u00bbvisible\u00bb overlay_strength=\u00bb0.3&#8243; gradient_direction=\u00bbleft_to_right\u00bb shape_divider_position=\u00bbbottom\u00bb bg_image_animation=\u00bbnone\u00bb][vc_column column_padding=\u00bbno-extra-padding\u00bb column_padding_tablet=\u00bbinherit\u00bb column_padding_phone=\u00bbinherit\u00bb column_padding_position=\u00bball\u00bb column_element_direction_desktop=\u00bbdefault\u00bb column_element_spacing=\u00bbdefault\u00bb desktop_text_alignment=\u00bbdefault\u00bb tablet_text_alignment=\u00bbdefault\u00bb...\" \/>\n<meta property=\"og:url\" content=\"https:\/\/www.dayco.com\/emea-es\/products\/aftermarket-products\/correas-cvt\/banda-para-motonieve-power-xtx\/\" \/>\n<meta property=\"og:site_name\" content=\"Dayco Official\" \/>\n<meta property=\"article:publisher\" content=\"https:\/\/www.facebook.com\/DaycoOfficial\/\" \/>\n<meta property=\"article:published_time\" content=\"2025-01-01T00:09:59+00:00\" \/>\n<meta property=\"article:modified_time\" content=\"2025-02-06T16:06:29+00:00\" \/>\n<meta property=\"og:image\" content=\"https:\/\/www.dayco.com\/wp-content\/uploads\/2025\/02\/XTX-02.jpg\" \/>\n\t<meta property=\"og:image:width\" content=\"1200\" \/>\n\t<meta property=\"og:image:height\" content=\"700\" \/>\n\t<meta property=\"og:image:type\" content=\"image\/jpeg\" \/>\n<meta name=\"author\" content=\"a.driusso\" \/>\n<meta name=\"twitter:card\" content=\"summary_large_image\" \/>\n<meta name=\"twitter:creator\" content=\"@DaycoOfficial\" \/>\n<meta name=\"twitter:site\" content=\"@DaycoOfficial\" \/>\n<script type=\"application\/ld+json\" class=\"yoast-schema-graph\">{\"@context\":\"https:\\\/\\\/schema.org\",\"@graph\":[{\"@type\":\"Article\",\"@id\":\"https:\\\/\\\/www.dayco.com\\\/emea-es\\\/products\\\/aftermarket-products\\\/correas-cvt\\\/banda-para-motonieve-power-xtx\\\/#article\",\"isPartOf\":{\"@id\":\"https:\\\/\\\/www.dayco.com\\\/emea-es\\\/products\\\/aftermarket-products\\\/correas-cvt\\\/banda-para-motonieve-power-xtx\\\/\"},\"author\":{\"name\":\"a.driusso\",\"@id\":\"https:\\\/\\\/www.dayco.com\\\/emea-es\\\/#\\\/schema\\\/person\\\/0325c0932b79e25a59c7d684c556e27e\"},\"headline\":\"Banda para Motonieve POWER XTX\u2122\",\"datePublished\":\"2025-01-01T00:09:59+00:00\",\"dateModified\":\"2025-02-06T16:06:29+00:00\",\"mainEntityOfPage\":{\"@id\":\"https:\\\/\\\/www.dayco.com\\\/emea-es\\\/products\\\/aftermarket-products\\\/correas-cvt\\\/banda-para-motonieve-power-xtx\\\/\"},\"wordCount\":629,\"publisher\":{\"@id\":\"https:\\\/\\\/www.dayco.com\\\/emea-es\\\/#organization\"},\"image\":{\"@id\":\"https:\\\/\\\/www.dayco.com\\\/emea-es\\\/products\\\/aftermarket-products\\\/correas-cvt\\\/banda-para-motonieve-power-xtx\\\/#primaryimage\"},\"thumbnailUrl\":\"https:\\\/\\\/www.dayco.com\\\/wp-content\\\/uploads\\\/2025\\\/02\\\/XTX-02.jpg\",\"keywords\":[\"powersport-am\"],\"articleSection\":[\"Correas CVT\"],\"inLanguage\":\"es\"},{\"@type\":\"WebPage\",\"@id\":\"https:\\\/\\\/www.dayco.com\\\/emea-es\\\/products\\\/aftermarket-products\\\/correas-cvt\\\/banda-para-motonieve-power-xtx\\\/\",\"url\":\"https:\\\/\\\/www.dayco.com\\\/emea-es\\\/products\\\/aftermarket-products\\\/correas-cvt\\\/banda-para-motonieve-power-xtx\\\/\",\"name\":\"Dayco | Banda para Motonieve POWER XTX\u2122 - [language]\",\"isPartOf\":{\"@id\":\"https:\\\/\\\/www.dayco.com\\\/emea-es\\\/#website\"},\"primaryImageOfPage\":{\"@id\":\"https:\\\/\\\/www.dayco.com\\\/emea-es\\\/products\\\/aftermarket-products\\\/correas-cvt\\\/banda-para-motonieve-power-xtx\\\/#primaryimage\"},\"image\":{\"@id\":\"https:\\\/\\\/www.dayco.com\\\/emea-es\\\/products\\\/aftermarket-products\\\/correas-cvt\\\/banda-para-motonieve-power-xtx\\\/#primaryimage\"},\"thumbnailUrl\":\"https:\\\/\\\/www.dayco.com\\\/wp-content\\\/uploads\\\/2025\\\/02\\\/XTX-02.jpg\",\"datePublished\":\"2025-01-01T00:09:59+00:00\",\"dateModified\":\"2025-02-06T16:06:29+00:00\",\"description\":\"[post_excerpt]\",\"breadcrumb\":{\"@id\":\"https:\\\/\\\/www.dayco.com\\\/emea-es\\\/products\\\/aftermarket-products\\\/correas-cvt\\\/banda-para-motonieve-power-xtx\\\/#breadcrumb\"},\"inLanguage\":\"es\",\"potentialAction\":[{\"@type\":\"ReadAction\",\"target\":[\"https:\\\/\\\/www.dayco.com\\\/emea-es\\\/products\\\/aftermarket-products\\\/correas-cvt\\\/banda-para-motonieve-power-xtx\\\/\"]}]},{\"@type\":\"ImageObject\",\"inLanguage\":\"es\",\"@id\":\"https:\\\/\\\/www.dayco.com\\\/emea-es\\\/products\\\/aftermarket-products\\\/correas-cvt\\\/banda-para-motonieve-power-xtx\\\/#primaryimage\",\"url\":\"https:\\\/\\\/www.dayco.com\\\/wp-content\\\/uploads\\\/2025\\\/02\\\/XTX-02.jpg\",\"contentUrl\":\"https:\\\/\\\/www.dayco.com\\\/wp-content\\\/uploads\\\/2025\\\/02\\\/XTX-02.jpg\",\"width\":1200,\"height\":700},{\"@type\":\"BreadcrumbList\",\"@id\":\"https:\\\/\\\/www.dayco.com\\\/emea-es\\\/products\\\/aftermarket-products\\\/correas-cvt\\\/banda-para-motonieve-power-xtx\\\/#breadcrumb\",\"itemListElement\":[{\"@type\":\"ListItem\",\"position\":1,\"name\":\"P\u00e1gina Principal\",\"item\":\"https:\\\/\\\/www.dayco.com\\\/emea-es\\\/\"},{\"@type\":\"ListItem\",\"position\":2,\"name\":\"Productos\",\"item\":\"https:\\\/\\\/www.dayco.com\\\/emea-es\\\/.\\\/products\\\/\"},{\"@type\":\"ListItem\",\"position\":3,\"name\":\"Productos Aftermarket\",\"item\":\"https:\\\/\\\/www.dayco.com\\\/emea-es\\\/.\\\/products\\\/aftermarket-products\\\/\"},{\"@type\":\"ListItem\",\"position\":4,\"name\":\"Correas CVT\",\"item\":\"https:\\\/\\\/www.dayco.com\\\/emea-es\\\/.\\\/products\\\/aftermarket-products\\\/correas-cvt\\\/\"},{\"@type\":\"ListItem\",\"position\":5,\"name\":\"Banda para Motonieve POWER XTX\u2122\"}]},{\"@type\":\"WebSite\",\"@id\":\"https:\\\/\\\/www.dayco.com\\\/emea-es\\\/#website\",\"url\":\"https:\\\/\\\/www.dayco.com\\\/emea-es\\\/\",\"name\":\"Dayco Official\",\"description\":\"Move Forward. Always.\u2122\",\"publisher\":{\"@id\":\"https:\\\/\\\/www.dayco.com\\\/emea-es\\\/#organization\"},\"alternateName\":\"Dayco\",\"potentialAction\":[{\"@type\":\"SearchAction\",\"target\":{\"@type\":\"EntryPoint\",\"urlTemplate\":\"https:\\\/\\\/www.dayco.com\\\/emea-es\\\/?s={search_term_string}\"},\"query-input\":{\"@type\":\"PropertyValueSpecification\",\"valueRequired\":true,\"valueName\":\"search_term_string\"}}],\"inLanguage\":\"es\"},{\"@type\":\"Organization\",\"@id\":\"https:\\\/\\\/www.dayco.com\\\/emea-es\\\/#organization\",\"name\":\"Dayco\",\"alternateName\":\"Dayco\",\"url\":\"https:\\\/\\\/www.dayco.com\\\/emea-es\\\/\",\"logo\":{\"@type\":\"ImageObject\",\"inLanguage\":\"es\",\"@id\":\"https:\\\/\\\/www.dayco.com\\\/emea-es\\\/#\\\/schema\\\/logo\\\/image\\\/\",\"url\":\"https:\\\/\\\/www.dayco.com\\\/wp-content\\\/uploads\\\/2025\\\/04\\\/Dayco-Logo-SEO-Square.jpg\",\"contentUrl\":\"https:\\\/\\\/www.dayco.com\\\/wp-content\\\/uploads\\\/2025\\\/04\\\/Dayco-Logo-SEO-Square.jpg\",\"width\":696,\"height\":696,\"caption\":\"Dayco\"},\"image\":{\"@id\":\"https:\\\/\\\/www.dayco.com\\\/emea-es\\\/#\\\/schema\\\/logo\\\/image\\\/\"},\"sameAs\":[\"https:\\\/\\\/www.facebook.com\\\/DaycoOfficial\\\/\",\"https:\\\/\\\/x.com\\\/DaycoOfficial\",\"https:\\\/\\\/www.instagram.com\\\/daycoofficial\\\/\",\"https:\\\/\\\/www.linkedin.com\\\/company\\\/daycoofficial\\\/\",\"https:\\\/\\\/www.youtube.com\\\/DaycoOfficial\",\"https:\\\/\\\/en.wikipedia.org\\\/wiki\\\/Dayco\"],\"description\":\"Dayco is a global leader in the research, design, manufacture and distribution of essential engine drive systems and aftermarket services for automotive, truck, construction, agriculture and industrial applications. Our mission is to deliver innovative products and services to the market that move the world forward, always. With more than 120 years of engineering heritage, Dayco has built a reputation for delivering reliable, efficient, and high\u2011performance drive systems that support customers around the world in meeting the most demanding application requirements. Our deep technical expertise and continuous commitment to innovation enable us to provide advanced system solutions tailored to the evolving needs of global markets. Dayco\u2019s world\u2011class distribution network supplies the aftermarket with a comprehensive offering of kits and components designed to meet the specific needs of each local market. This capability is strengthened by a dedicated global team that acts with ownership, respects one another, and continuously learns to support our customers with excellence.\",\"legalName\":\"Dayco\",\"foundingDate\":\"1905-05-17\",\"vatID\":\"IT00703890673\",\"taxID\":\"231733979\",\"duns\":\"437654916\",\"numberOfEmployees\":{\"@type\":\"QuantitativeValue\",\"minValue\":\"1001\",\"maxValue\":\"5000\"},\"publishingPrinciples\":\"https:\\\/\\\/www.dayco.com\\\/terms-of-use\\\/\",\"ownershipFundingInfo\":\"https:\\\/\\\/www.dayco.com\\\/leadership\\\/\",\"actionableFeedbackPolicy\":\"https:\\\/\\\/www.dayco.com\\\/code-of-conduct\\\/\",\"correctionsPolicy\":\"https:\\\/\\\/www.dayco.com\\\/code-of-conduct\\\/\",\"ethicsPolicy\":\"https:\\\/\\\/www.dayco.com\\\/sustainability\\\/\",\"diversityPolicy\":\"https:\\\/\\\/www.dayco.com\\\/sustainability\\\/\",\"diversityStaffingReport\":\"https:\\\/\\\/www.dayco.com\\\/sustainability\\\/\"},{\"@type\":\"Person\",\"@id\":\"https:\\\/\\\/www.dayco.com\\\/emea-es\\\/#\\\/schema\\\/person\\\/0325c0932b79e25a59c7d684c556e27e\",\"name\":\"a.driusso\",\"image\":{\"@type\":\"ImageObject\",\"inLanguage\":\"es\",\"@id\":\"https:\\\/\\\/secure.gravatar.com\\\/avatar\\\/c1578f0ddb593c2e69d97faf42acdcb9eda1ae6034563bb3d813690876f825c2?s=96&d=mm&r=g\",\"url\":\"https:\\\/\\\/secure.gravatar.com\\\/avatar\\\/c1578f0ddb593c2e69d97faf42acdcb9eda1ae6034563bb3d813690876f825c2?s=96&d=mm&r=g\",\"contentUrl\":\"https:\\\/\\\/secure.gravatar.com\\\/avatar\\\/c1578f0ddb593c2e69d97faf42acdcb9eda1ae6034563bb3d813690876f825c2?s=96&d=mm&r=g\",\"caption\":\"a.driusso\"}}]}<\/script>\n<!-- \/ Yoast SEO Premium plugin. -->","yoast_head_json":{"title":"Dayco | Banda para Motonieve POWER XTX\u2122 - EMEA | ES","description":"[vc_row type=\u00bbin_container\u00bb full_screen_row_position=\u00bbmiddle\u00bb column_margin=\u00bbdefault\u00bb column_direction=\u00bbdefault\u00bb column_direction_tablet=\u00bbdefault\u00bb column_direction_phone=\u00bbdefault\u00bb scene_position=\u00bbcenter\u00bb text_color=\u00bbdark\u00bb text_align=\u00bbleft\u00bb row_border_radius=\u00bbnone\u00bb row_border_radius_applies=\u00bbbg\u00bb overflow=\u00bbvisible\u00bb overlay_strength=\u00bb0.3&#8243; gradient_direction=\u00bbleft_to_right\u00bb shape_divider_position=\u00bbbottom\u00bb bg_image_animation=\u00bbnone\u00bb][vc_column column_padding=\u00bbno-extra-padding\u00bb column_padding_tablet=\u00bbinherit\u00bb column_padding_phone=\u00bbinherit\u00bb column_padding_position=\u00bball\u00bb column_element_direction_desktop=\u00bbdefault\u00bb column_element_spacing=\u00bbdefault\u00bb desktop_text_alignment=\u00bbdefault\u00bb tablet_text_alignment=\u00bbdefault\u00bb...","robots":{"index":"index","follow":"follow","max-snippet":"max-snippet:-1","max-image-preview":"max-image-preview:large","max-video-preview":"max-video-preview:-1"},"canonical":"https:\/\/www.dayco.com\/emea-es\/products\/aftermarket-products\/correas-cvt\/banda-para-motonieve-power-xtx\/","og_locale":"es_ES","og_type":"article","og_title":"Dayco | Banda para Motonieve POWER XTX\u2122 - EMEA | ES","og_description":"[vc_row type=\u00bbin_container\u00bb full_screen_row_position=\u00bbmiddle\u00bb column_margin=\u00bbdefault\u00bb column_direction=\u00bbdefault\u00bb column_direction_tablet=\u00bbdefault\u00bb column_direction_phone=\u00bbdefault\u00bb scene_position=\u00bbcenter\u00bb text_color=\u00bbdark\u00bb text_align=\u00bbleft\u00bb row_border_radius=\u00bbnone\u00bb row_border_radius_applies=\u00bbbg\u00bb overflow=\u00bbvisible\u00bb overlay_strength=\u00bb0.3&#8243; gradient_direction=\u00bbleft_to_right\u00bb shape_divider_position=\u00bbbottom\u00bb bg_image_animation=\u00bbnone\u00bb][vc_column column_padding=\u00bbno-extra-padding\u00bb column_padding_tablet=\u00bbinherit\u00bb column_padding_phone=\u00bbinherit\u00bb column_padding_position=\u00bball\u00bb column_element_direction_desktop=\u00bbdefault\u00bb column_element_spacing=\u00bbdefault\u00bb desktop_text_alignment=\u00bbdefault\u00bb tablet_text_alignment=\u00bbdefault\u00bb...","og_url":"https:\/\/www.dayco.com\/emea-es\/products\/aftermarket-products\/correas-cvt\/banda-para-motonieve-power-xtx\/","og_site_name":"Dayco Official","article_publisher":"https:\/\/www.facebook.com\/DaycoOfficial\/","article_published_time":"2025-01-01T00:09:59+00:00","article_modified_time":"2025-02-06T16:06:29+00:00","og_image":[{"width":1200,"height":700,"url":"https:\/\/www.dayco.com\/wp-content\/uploads\/2025\/02\/XTX-02.jpg","type":"image\/jpeg"}],"author":"a.driusso","twitter_card":"summary_large_image","twitter_creator":"@DaycoOfficial","twitter_site":"@DaycoOfficial","schema":{"@context":"https:\/\/schema.org","@graph":[{"@type":"Article","@id":"https:\/\/www.dayco.com\/emea-es\/products\/aftermarket-products\/correas-cvt\/banda-para-motonieve-power-xtx\/#article","isPartOf":{"@id":"https:\/\/www.dayco.com\/emea-es\/products\/aftermarket-products\/correas-cvt\/banda-para-motonieve-power-xtx\/"},"author":{"name":"a.driusso","@id":"https:\/\/www.dayco.com\/emea-es\/#\/schema\/person\/0325c0932b79e25a59c7d684c556e27e"},"headline":"Banda para Motonieve POWER XTX\u2122","datePublished":"2025-01-01T00:09:59+00:00","dateModified":"2025-02-06T16:06:29+00:00","mainEntityOfPage":{"@id":"https:\/\/www.dayco.com\/emea-es\/products\/aftermarket-products\/correas-cvt\/banda-para-motonieve-power-xtx\/"},"wordCount":629,"publisher":{"@id":"https:\/\/www.dayco.com\/emea-es\/#organization"},"image":{"@id":"https:\/\/www.dayco.com\/emea-es\/products\/aftermarket-products\/correas-cvt\/banda-para-motonieve-power-xtx\/#primaryimage"},"thumbnailUrl":"https:\/\/www.dayco.com\/wp-content\/uploads\/2025\/02\/XTX-02.jpg","keywords":["powersport-am"],"articleSection":["Correas CVT"],"inLanguage":"es"},{"@type":"WebPage","@id":"https:\/\/www.dayco.com\/emea-es\/products\/aftermarket-products\/correas-cvt\/banda-para-motonieve-power-xtx\/","url":"https:\/\/www.dayco.com\/emea-es\/products\/aftermarket-products\/correas-cvt\/banda-para-motonieve-power-xtx\/","name":"Dayco | Banda para Motonieve POWER XTX\u2122 - [language]","isPartOf":{"@id":"https:\/\/www.dayco.com\/emea-es\/#website"},"primaryImageOfPage":{"@id":"https:\/\/www.dayco.com\/emea-es\/products\/aftermarket-products\/correas-cvt\/banda-para-motonieve-power-xtx\/#primaryimage"},"image":{"@id":"https:\/\/www.dayco.com\/emea-es\/products\/aftermarket-products\/correas-cvt\/banda-para-motonieve-power-xtx\/#primaryimage"},"thumbnailUrl":"https:\/\/www.dayco.com\/wp-content\/uploads\/2025\/02\/XTX-02.jpg","datePublished":"2025-01-01T00:09:59+00:00","dateModified":"2025-02-06T16:06:29+00:00","description":"[post_excerpt]","breadcrumb":{"@id":"https:\/\/www.dayco.com\/emea-es\/products\/aftermarket-products\/correas-cvt\/banda-para-motonieve-power-xtx\/#breadcrumb"},"inLanguage":"es","potentialAction":[{"@type":"ReadAction","target":["https:\/\/www.dayco.com\/emea-es\/products\/aftermarket-products\/correas-cvt\/banda-para-motonieve-power-xtx\/"]}]},{"@type":"ImageObject","inLanguage":"es","@id":"https:\/\/www.dayco.com\/emea-es\/products\/aftermarket-products\/correas-cvt\/banda-para-motonieve-power-xtx\/#primaryimage","url":"https:\/\/www.dayco.com\/wp-content\/uploads\/2025\/02\/XTX-02.jpg","contentUrl":"https:\/\/www.dayco.com\/wp-content\/uploads\/2025\/02\/XTX-02.jpg","width":1200,"height":700},{"@type":"BreadcrumbList","@id":"https:\/\/www.dayco.com\/emea-es\/products\/aftermarket-products\/correas-cvt\/banda-para-motonieve-power-xtx\/#breadcrumb","itemListElement":[{"@type":"ListItem","position":1,"name":"P\u00e1gina Principal","item":"https:\/\/www.dayco.com\/emea-es\/"},{"@type":"ListItem","position":2,"name":"Productos","item":"https:\/\/www.dayco.com\/emea-es\/.\/products\/"},{"@type":"ListItem","position":3,"name":"Productos Aftermarket","item":"https:\/\/www.dayco.com\/emea-es\/.\/products\/aftermarket-products\/"},{"@type":"ListItem","position":4,"name":"Correas CVT","item":"https:\/\/www.dayco.com\/emea-es\/.\/products\/aftermarket-products\/correas-cvt\/"},{"@type":"ListItem","position":5,"name":"Banda para Motonieve POWER XTX\u2122"}]},{"@type":"WebSite","@id":"https:\/\/www.dayco.com\/emea-es\/#website","url":"https:\/\/www.dayco.com\/emea-es\/","name":"Dayco Official","description":"Move Forward. Always.\u2122","publisher":{"@id":"https:\/\/www.dayco.com\/emea-es\/#organization"},"alternateName":"Dayco","potentialAction":[{"@type":"SearchAction","target":{"@type":"EntryPoint","urlTemplate":"https:\/\/www.dayco.com\/emea-es\/?s={search_term_string}"},"query-input":{"@type":"PropertyValueSpecification","valueRequired":true,"valueName":"search_term_string"}}],"inLanguage":"es"},{"@type":"Organization","@id":"https:\/\/www.dayco.com\/emea-es\/#organization","name":"Dayco","alternateName":"Dayco","url":"https:\/\/www.dayco.com\/emea-es\/","logo":{"@type":"ImageObject","inLanguage":"es","@id":"https:\/\/www.dayco.com\/emea-es\/#\/schema\/logo\/image\/","url":"https:\/\/www.dayco.com\/wp-content\/uploads\/2025\/04\/Dayco-Logo-SEO-Square.jpg","contentUrl":"https:\/\/www.dayco.com\/wp-content\/uploads\/2025\/04\/Dayco-Logo-SEO-Square.jpg","width":696,"height":696,"caption":"Dayco"},"image":{"@id":"https:\/\/www.dayco.com\/emea-es\/#\/schema\/logo\/image\/"},"sameAs":["https:\/\/www.facebook.com\/DaycoOfficial\/","https:\/\/x.com\/DaycoOfficial","https:\/\/www.instagram.com\/daycoofficial\/","https:\/\/www.linkedin.com\/company\/daycoofficial\/","https:\/\/www.youtube.com\/DaycoOfficial","https:\/\/en.wikipedia.org\/wiki\/Dayco"],"description":"Dayco is a global leader in the research, design, manufacture and distribution of essential engine drive systems and aftermarket services for automotive, truck, construction, agriculture and industrial applications. Our mission is to deliver innovative products and services to the market that move the world forward, always. With more than 120 years of engineering heritage, Dayco has built a reputation for delivering reliable, efficient, and high\u2011performance drive systems that support customers around the world in meeting the most demanding application requirements. Our deep technical expertise and continuous commitment to innovation enable us to provide advanced system solutions tailored to the evolving needs of global markets. Dayco\u2019s world\u2011class distribution network supplies the aftermarket with a comprehensive offering of kits and components designed to meet the specific needs of each local market. This capability is strengthened by a dedicated global team that acts with ownership, respects one another, and continuously learns to support our customers with excellence.","legalName":"Dayco","foundingDate":"1905-05-17","vatID":"IT00703890673","taxID":"231733979","duns":"437654916","numberOfEmployees":{"@type":"QuantitativeValue","minValue":"1001","maxValue":"5000"},"publishingPrinciples":"https:\/\/www.dayco.com\/terms-of-use\/","ownershipFundingInfo":"https:\/\/www.dayco.com\/leadership\/","actionableFeedbackPolicy":"https:\/\/www.dayco.com\/code-of-conduct\/","correctionsPolicy":"https:\/\/www.dayco.com\/code-of-conduct\/","ethicsPolicy":"https:\/\/www.dayco.com\/sustainability\/","diversityPolicy":"https:\/\/www.dayco.com\/sustainability\/","diversityStaffingReport":"https:\/\/www.dayco.com\/sustainability\/"},{"@type":"Person","@id":"https:\/\/www.dayco.com\/emea-es\/#\/schema\/person\/0325c0932b79e25a59c7d684c556e27e","name":"a.driusso","image":{"@type":"ImageObject","inLanguage":"es","@id":"https:\/\/secure.gravatar.com\/avatar\/c1578f0ddb593c2e69d97faf42acdcb9eda1ae6034563bb3d813690876f825c2?s=96&d=mm&r=g","url":"https:\/\/secure.gravatar.com\/avatar\/c1578f0ddb593c2e69d97faf42acdcb9eda1ae6034563bb3d813690876f825c2?s=96&d=mm&r=g","contentUrl":"https:\/\/secure.gravatar.com\/avatar\/c1578f0ddb593c2e69d97faf42acdcb9eda1ae6034563bb3d813690876f825c2?s=96&d=mm&r=g","caption":"a.driusso"}}]}},"_links":{"self":[{"href":"https:\/\/www.dayco.com\/emea-es\/wp-json\/wp\/v2\/posts\/27663","targetHints":{"allow":["GET"]}}],"collection":[{"href":"https:\/\/www.dayco.com\/emea-es\/wp-json\/wp\/v2\/posts"}],"about":[{"href":"https:\/\/www.dayco.com\/emea-es\/wp-json\/wp\/v2\/types\/post"}],"author":[{"embeddable":true,"href":"https:\/\/www.dayco.com\/emea-es\/wp-json\/wp\/v2\/users\/7"}],"replies":[{"embeddable":true,"href":"https:\/\/www.dayco.com\/emea-es\/wp-json\/wp\/v2\/comments?post=27663"}],"version-history":[{"count":0,"href":"https:\/\/www.dayco.com\/emea-es\/wp-json\/wp\/v2\/posts\/27663\/revisions"}],"wp:featuredmedia":[{"embeddable":true,"href":"https:\/\/www.dayco.com\/emea-es\/wp-json\/wp\/v2\/media\/25403"}],"wp:attachment":[{"href":"https:\/\/www.dayco.com\/emea-es\/wp-json\/wp\/v2\/media?parent=27663"}],"wp:term":[{"taxonomy":"category","embeddable":true,"href":"https:\/\/www.dayco.com\/emea-es\/wp-json\/wp\/v2\/categories?post=27663"},{"taxonomy":"post_tag","embeddable":true,"href":"https:\/\/www.dayco.com\/emea-es\/wp-json\/wp\/v2\/tags?post=27663"}],"curies":[{"name":"wp","href":"https:\/\/api.w.org\/{rel}","templated":true}]}}