{"id":27604,"date":"2025-01-01T01:06:08","date_gmt":"2025-01-01T00:06:08","guid":{"rendered":"https:\/\/www.dayco.com\/?p=27604"},"modified":"2025-02-06T15:26:04","modified_gmt":"2025-02-06T15:26:04","slug":"banda-para-motonieve-power-hpx","status":"publish","type":"post","link":"https:\/\/www.dayco.com\/emea-es\/products\/aftermarket-products\/correas-cvt\/banda-para-motonieve-power-hpx\/","title":{"rendered":"Banda para Motonieve POWER HPX\u2122"},"content":{"rendered":"[vc_row type=\u00bbin_container\u00bb full_screen_row_position=\u00bbmiddle\u00bb column_margin=\u00bbdefault\u00bb column_direction=\u00bbdefault\u00bb column_direction_tablet=\u00bbdefault\u00bb column_direction_phone=\u00bbdefault\u00bb scene_position=\u00bbcenter\u00bb text_color=\u00bbdark\u00bb text_align=\u00bbleft\u00bb row_border_radius=\u00bbnone\u00bb row_border_radius_applies=\u00bbbg\u00bb overflow=\u00bbvisible\u00bb overlay_strength=\u00bb0.3&#8243; gradient_direction=\u00bbleft_to_right\u00bb shape_divider_position=\u00bbbottom\u00bb bg_image_animation=\u00bbnone\u00bb][vc_column column_padding=\u00bbno-extra-padding\u00bb column_padding_tablet=\u00bbinherit\u00bb column_padding_phone=\u00bbinherit\u00bb column_padding_position=\u00bball\u00bb column_element_direction_desktop=\u00bbdefault\u00bb column_element_spacing=\u00bbdefault\u00bb desktop_text_alignment=\u00bbdefault\u00bb tablet_text_alignment=\u00bbdefault\u00bb phone_text_alignment=\u00bbdefault\u00bb background_color_opacity=\u00bb1&#8243; background_hover_color_opacity=\u00bb1&#8243; column_backdrop_filter=\u00bbnone\u00bb column_shadow=\u00bbnone\u00bb column_border_radius=\u00bbnone\u00bb column_link_target=\u00bb_self\u00bb column_position=\u00bbdefault\u00bb gradient_direction=\u00bbleft_to_right\u00bb overlay_strength=\u00bb0.3&#8243; width=\u00bb1\/1&#8243; tablet_width_inherit=\u00bbdefault\u00bb animation_type=\u00bbdefault\u00bb bg_image_animation=\u00bbnone\u00bb border_type=\u00bbsimple\u00bb column_border_width=\u00bbnone\u00bb column_border_style=\u00bbsolid\u00bb][vc_column_text css=\u00bb\u00bb text_direction=\u00bbdefault\u00bb]La banda Dayco HPX para motonieve cuenta con el dise\u00f1o Dayco Top Cog para mayor flexibilidad, duraci\u00f3n prolongada y servicio fiable de larga duraci\u00f3n, y se fabrica con cuerdas de aramida y compuestos de hule de CVT para proporcionar una mayor resistencia y durabilidad necesarias para las altas RPM y temperaturas de funcionamiento de los motores de las motonieves actuales.<\/p>\n<p>Disfrute del regocijo que le proporciona saber que cuando necesita acelerar y desacelerar, la banda Dayco HPX para motonieve proporcionar\u00e1 toda una gama de potencia para enfrentarse a cualquier tipo de terreno sin p\u00e9rdida de potencia.[\/vc_column_text][\/vc_column][\/vc_row][vc_row type=\u00bbin_container\u00bb full_screen_row_position=\u00bbmiddle\u00bb column_margin=\u00bbdefault\u00bb column_direction=\u00bbdefault\u00bb column_direction_tablet=\u00bbdefault\u00bb column_direction_phone=\u00bbdefault\u00bb scene_position=\u00bbcenter\u00bb text_color=\u00bbdark\u00bb text_align=\u00bbleft\u00bb row_border_radius=\u00bbnone\u00bb row_border_radius_applies=\u00bbbg\u00bb overflow=\u00bbvisible\u00bb overlay_strength=\u00bb0.3&#8243; gradient_direction=\u00bbleft_to_right\u00bb shape_divider_position=\u00bbbottom\u00bb bg_image_animation=\u00bbnone\u00bb gradient_type=\u00bbdefault\u00bb shape_type=\u00bb\u00bb][vc_column column_padding=\u00bbno-extra-padding\u00bb column_padding_tablet=\u00bbinherit\u00bb column_padding_phone=\u00bbinherit\u00bb column_padding_position=\u00bball\u00bb column_element_direction_desktop=\u00bbdefault\u00bb column_element_spacing=\u00bbdefault\u00bb desktop_text_alignment=\u00bbdefault\u00bb tablet_text_alignment=\u00bbdefault\u00bb phone_text_alignment=\u00bbdefault\u00bb background_color_opacity=\u00bb1&#8243; background_hover_color_opacity=\u00bb1&#8243; column_backdrop_filter=\u00bbnone\u00bb column_shadow=\u00bbnone\u00bb column_border_radius=\u00bbnone\u00bb column_link_target=\u00bb_self\u00bb column_position=\u00bbdefault\u00bb gradient_direction=\u00bbleft_to_right\u00bb overlay_strength=\u00bb0.3&#8243; width=\u00bb1\/1&#8243; tablet_width_inherit=\u00bbdefault\u00bb animation_type=\u00bbdefault\u00bb bg_image_animation=\u00bbnone\u00bb border_type=\u00bbsimple\u00bb column_border_width=\u00bbnone\u00bb column_border_style=\u00bbsolid\u00bb][toggles style=\u00bbminimal\u00bb][toggle color=\u00bbDefault\u00bb heading_tag=\u00bbdefault\u00bb heading_tag_functionality=\u00bbdefault\u00bb title=\u00bbAdditional information\u00bb][vc_column_text css=\u00bb\u00bb text_direction=\u00bbdefault\u00bb]<strong>Mercado europeo:<\/strong> <a href=\"\/emea-es\/environmental-packaging-labelling-emea\/\">Etiquetado medioambiental de envases<\/a>[\/vc_column_text][\/toggle][\/toggles][\/vc_column][\/vc_row]\n","protected":false},"excerpt":{"rendered":"<p>[vc_row type=\u00bbin_container\u00bb full_screen_row_position=\u00bbmiddle\u00bb column_margin=\u00bbdefault\u00bb column_direction=\u00bbdefault\u00bb column_direction_tablet=\u00bbdefault\u00bb column_direction_phone=\u00bbdefault\u00bb scene_position=\u00bbcenter\u00bb text_color=\u00bbdark\u00bb text_align=\u00bbleft\u00bb row_border_radius=\u00bbnone\u00bb row_border_radius_applies=\u00bbbg\u00bb overflow=\u00bbvisible\u00bb overlay_strength=\u00bb0.3&#8243; gradient_direction=\u00bbleft_to_right\u00bb shape_divider_position=\u00bbbottom\u00bb bg_image_animation=\u00bbnone\u00bb][vc_column column_padding=\u00bbno-extra-padding\u00bb column_padding_tablet=\u00bbinherit\u00bb column_padding_phone=\u00bbinherit\u00bb column_padding_position=\u00bball\u00bb column_element_direction_desktop=\u00bbdefault\u00bb column_element_spacing=\u00bbdefault\u00bb desktop_text_alignment=\u00bbdefault\u00bb tablet_text_alignment=\u00bbdefault\u00bb phone_text_alignment=\u00bbdefault\u00bb background_color_opacity=\u00bb1&#8243; background_hover_color_opacity=\u00bb1&#8243; column_backdrop_filter=\u00bbnone\u00bb column_shadow=\u00bbnone\u00bb column_border_radius=\u00bbnone\u00bb column_link_target=\u00bb_self\u00bb column_position=\u00bbdefault\u00bb gradient_direction=\u00bbleft_to_right\u00bb overlay_strength=\u00bb0.3&#8243; width=\u00bb1\/1&#8243; tablet_width_inherit=\u00bbdefault\u00bb animation_type=\u00bbdefault\u00bb bg_image_animation=\u00bbnone\u00bb border_type=\u00bbsimple\u00bb column_border_width=\u00bbnone\u00bb column_border_style=\u00bbsolid\u00bb][vc_column_text css=\u00bb\u00bb text_direction=\u00bbdefault\u00bb]La banda Dayco HPX para motonieve cuenta con el dise\u00f1o Dayco Top Cog para mayor flexibilidad, duraci\u00f3n prolongada y servicio fiable de&#8230;<\/p>\n","protected":false},"author":7,"featured_media":21106,"comment_status":"closed","ping_status":"closed","sticky":false,"template":"","format":"standard","meta":{"_acf_changed":false,"inline_featured_image":false,"footnotes":""},"categories":[971],"tags":[981],"class_list":["post-27604","post","type-post","status-publish","format-standard","has-post-thumbnail","category-correas-cvt","tag-powersport-am"],"acf":[],"yoast_head":"<!-- This site is optimized with the Yoast SEO Premium plugin v28.4 (Yoast SEO v28.4) - https:\/\/yoast.com\/product\/yoast-seo-premium-wordpress\/ -->\n<title>Dayco | Banda para Motonieve POWER HPX\u2122 - EMEA | ES<\/title>\n<meta name=\"description\" content=\"[vc_row type=\u00bbin_container\u00bb full_screen_row_position=\u00bbmiddle\u00bb column_margin=\u00bbdefault\u00bb column_direction=\u00bbdefault\u00bb column_direction_tablet=\u00bbdefault\u00bb column_direction_phone=\u00bbdefault\u00bb scene_position=\u00bbcenter\u00bb text_color=\u00bbdark\u00bb text_align=\u00bbleft\u00bb row_border_radius=\u00bbnone\u00bb row_border_radius_applies=\u00bbbg\u00bb overflow=\u00bbvisible\u00bb overlay_strength=\u00bb0.3&#8243; gradient_direction=\u00bbleft_to_right\u00bb shape_divider_position=\u00bbbottom\u00bb bg_image_animation=\u00bbnone\u00bb][vc_column column_padding=\u00bbno-extra-padding\u00bb column_padding_tablet=\u00bbinherit\u00bb column_padding_phone=\u00bbinherit\u00bb column_padding_position=\u00bball\u00bb column_element_direction_desktop=\u00bbdefault\u00bb column_element_spacing=\u00bbdefault\u00bb desktop_text_alignment=\u00bbdefault\u00bb tablet_text_alignment=\u00bbdefault\u00bb...\" \/>\n<meta name=\"robots\" content=\"index, follow, max-snippet:-1, max-image-preview:large, max-video-preview:-1\" \/>\n<link rel=\"canonical\" href=\"https:\/\/www.dayco.com\/emea-es\/products\/aftermarket-products\/correas-cvt\/banda-para-motonieve-power-hpx\/\" \/>\n<meta property=\"og:locale\" content=\"es_ES\" \/>\n<meta property=\"og:type\" content=\"article\" \/>\n<meta property=\"og:title\" content=\"Dayco | Banda para Motonieve POWER HPX\u2122 - EMEA | ES\" \/>\n<meta property=\"og:description\" content=\"[vc_row type=\u00bbin_container\u00bb full_screen_row_position=\u00bbmiddle\u00bb column_margin=\u00bbdefault\u00bb column_direction=\u00bbdefault\u00bb column_direction_tablet=\u00bbdefault\u00bb column_direction_phone=\u00bbdefault\u00bb scene_position=\u00bbcenter\u00bb text_color=\u00bbdark\u00bb text_align=\u00bbleft\u00bb row_border_radius=\u00bbnone\u00bb row_border_radius_applies=\u00bbbg\u00bb overflow=\u00bbvisible\u00bb overlay_strength=\u00bb0.3&#8243; gradient_direction=\u00bbleft_to_right\u00bb shape_divider_position=\u00bbbottom\u00bb bg_image_animation=\u00bbnone\u00bb][vc_column column_padding=\u00bbno-extra-padding\u00bb column_padding_tablet=\u00bbinherit\u00bb column_padding_phone=\u00bbinherit\u00bb column_padding_position=\u00bball\u00bb column_element_direction_desktop=\u00bbdefault\u00bb column_element_spacing=\u00bbdefault\u00bb desktop_text_alignment=\u00bbdefault\u00bb tablet_text_alignment=\u00bbdefault\u00bb...\" \/>\n<meta property=\"og:url\" content=\"https:\/\/www.dayco.com\/emea-es\/products\/aftermarket-products\/correas-cvt\/banda-para-motonieve-power-hpx\/\" \/>\n<meta property=\"og:site_name\" content=\"Dayco Official\" \/>\n<meta property=\"article:publisher\" content=\"https:\/\/www.facebook.com\/DaycoOfficial\/\" \/>\n<meta property=\"article:published_time\" content=\"2025-01-01T00:06:08+00:00\" \/>\n<meta property=\"article:modified_time\" content=\"2025-02-06T15:26:04+00:00\" \/>\n<meta property=\"og:image\" content=\"https:\/\/www.dayco.com\/wp-content\/uploads\/2025\/01\/HPX-01.jpg\" \/>\n\t<meta property=\"og:image:width\" content=\"1200\" \/>\n\t<meta property=\"og:image:height\" content=\"700\" \/>\n\t<meta property=\"og:image:type\" content=\"image\/jpeg\" \/>\n<meta name=\"author\" content=\"a.driusso\" \/>\n<meta name=\"twitter:card\" content=\"summary_large_image\" \/>\n<meta name=\"twitter:creator\" content=\"@DaycoOfficial\" \/>\n<meta name=\"twitter:site\" content=\"@DaycoOfficial\" \/>\n<script type=\"application\/ld+json\" class=\"yoast-schema-graph\">{\"@context\":\"https:\\\/\\\/schema.org\",\"@graph\":[{\"@type\":\"Article\",\"@id\":\"https:\\\/\\\/www.dayco.com\\\/emea-es\\\/products\\\/aftermarket-products\\\/correas-cvt\\\/banda-para-motonieve-power-hpx\\\/#article\",\"isPartOf\":{\"@id\":\"https:\\\/\\\/www.dayco.com\\\/emea-es\\\/products\\\/aftermarket-products\\\/correas-cvt\\\/banda-para-motonieve-power-hpx\\\/\"},\"author\":{\"name\":\"a.driusso\",\"@id\":\"https:\\\/\\\/www.dayco.com\\\/emea-es\\\/#\\\/schema\\\/person\\\/0325c0932b79e25a59c7d684c556e27e\"},\"headline\":\"Banda para Motonieve POWER HPX\u2122\",\"datePublished\":\"2025-01-01T00:06:08+00:00\",\"dateModified\":\"2025-02-06T15:26:04+00:00\",\"mainEntityOfPage\":{\"@id\":\"https:\\\/\\\/www.dayco.com\\\/emea-es\\\/products\\\/aftermarket-products\\\/correas-cvt\\\/banda-para-motonieve-power-hpx\\\/\"},\"wordCount\":466,\"publisher\":{\"@id\":\"https:\\\/\\\/www.dayco.com\\\/emea-es\\\/#organization\"},\"image\":{\"@id\":\"https:\\\/\\\/www.dayco.com\\\/emea-es\\\/products\\\/aftermarket-products\\\/correas-cvt\\\/banda-para-motonieve-power-hpx\\\/#primaryimage\"},\"thumbnailUrl\":\"https:\\\/\\\/www.dayco.com\\\/wp-content\\\/uploads\\\/2025\\\/01\\\/HPX-01.jpg\",\"keywords\":[\"powersport-am\"],\"articleSection\":[\"Correas CVT\"],\"inLanguage\":\"es\"},{\"@type\":\"WebPage\",\"@id\":\"https:\\\/\\\/www.dayco.com\\\/emea-es\\\/products\\\/aftermarket-products\\\/correas-cvt\\\/banda-para-motonieve-power-hpx\\\/\",\"url\":\"https:\\\/\\\/www.dayco.com\\\/emea-es\\\/products\\\/aftermarket-products\\\/correas-cvt\\\/banda-para-motonieve-power-hpx\\\/\",\"name\":\"Dayco | Banda para Motonieve POWER HPX\u2122 - [language]\",\"isPartOf\":{\"@id\":\"https:\\\/\\\/www.dayco.com\\\/emea-es\\\/#website\"},\"primaryImageOfPage\":{\"@id\":\"https:\\\/\\\/www.dayco.com\\\/emea-es\\\/products\\\/aftermarket-products\\\/correas-cvt\\\/banda-para-motonieve-power-hpx\\\/#primaryimage\"},\"image\":{\"@id\":\"https:\\\/\\\/www.dayco.com\\\/emea-es\\\/products\\\/aftermarket-products\\\/correas-cvt\\\/banda-para-motonieve-power-hpx\\\/#primaryimage\"},\"thumbnailUrl\":\"https:\\\/\\\/www.dayco.com\\\/wp-content\\\/uploads\\\/2025\\\/01\\\/HPX-01.jpg\",\"datePublished\":\"2025-01-01T00:06:08+00:00\",\"dateModified\":\"2025-02-06T15:26:04+00:00\",\"description\":\"[post_excerpt]\",\"breadcrumb\":{\"@id\":\"https:\\\/\\\/www.dayco.com\\\/emea-es\\\/products\\\/aftermarket-products\\\/correas-cvt\\\/banda-para-motonieve-power-hpx\\\/#breadcrumb\"},\"inLanguage\":\"es\",\"potentialAction\":[{\"@type\":\"ReadAction\",\"target\":[\"https:\\\/\\\/www.dayco.com\\\/emea-es\\\/products\\\/aftermarket-products\\\/correas-cvt\\\/banda-para-motonieve-power-hpx\\\/\"]}]},{\"@type\":\"ImageObject\",\"inLanguage\":\"es\",\"@id\":\"https:\\\/\\\/www.dayco.com\\\/emea-es\\\/products\\\/aftermarket-products\\\/correas-cvt\\\/banda-para-motonieve-power-hpx\\\/#primaryimage\",\"url\":\"https:\\\/\\\/www.dayco.com\\\/wp-content\\\/uploads\\\/2025\\\/01\\\/HPX-01.jpg\",\"contentUrl\":\"https:\\\/\\\/www.dayco.com\\\/wp-content\\\/uploads\\\/2025\\\/01\\\/HPX-01.jpg\",\"width\":1200,\"height\":700},{\"@type\":\"BreadcrumbList\",\"@id\":\"https:\\\/\\\/www.dayco.com\\\/emea-es\\\/products\\\/aftermarket-products\\\/correas-cvt\\\/banda-para-motonieve-power-hpx\\\/#breadcrumb\",\"itemListElement\":[{\"@type\":\"ListItem\",\"position\":1,\"name\":\"P\u00e1gina Principal\",\"item\":\"https:\\\/\\\/www.dayco.com\\\/emea-es\\\/\"},{\"@type\":\"ListItem\",\"position\":2,\"name\":\"Productos\",\"item\":\"https:\\\/\\\/www.dayco.com\\\/emea-es\\\/.\\\/products\\\/\"},{\"@type\":\"ListItem\",\"position\":3,\"name\":\"Productos Aftermarket\",\"item\":\"https:\\\/\\\/www.dayco.com\\\/emea-es\\\/.\\\/products\\\/aftermarket-products\\\/\"},{\"@type\":\"ListItem\",\"position\":4,\"name\":\"Correas CVT\",\"item\":\"https:\\\/\\\/www.dayco.com\\\/emea-es\\\/.\\\/products\\\/aftermarket-products\\\/correas-cvt\\\/\"},{\"@type\":\"ListItem\",\"position\":5,\"name\":\"Banda para Motonieve POWER HPX\u2122\"}]},{\"@type\":\"WebSite\",\"@id\":\"https:\\\/\\\/www.dayco.com\\\/emea-es\\\/#website\",\"url\":\"https:\\\/\\\/www.dayco.com\\\/emea-es\\\/\",\"name\":\"Dayco Official\",\"description\":\"Move Forward. Always.\u2122\",\"publisher\":{\"@id\":\"https:\\\/\\\/www.dayco.com\\\/emea-es\\\/#organization\"},\"alternateName\":\"Dayco\",\"potentialAction\":[{\"@type\":\"SearchAction\",\"target\":{\"@type\":\"EntryPoint\",\"urlTemplate\":\"https:\\\/\\\/www.dayco.com\\\/emea-es\\\/?s={search_term_string}\"},\"query-input\":{\"@type\":\"PropertyValueSpecification\",\"valueRequired\":true,\"valueName\":\"search_term_string\"}}],\"inLanguage\":\"es\"},{\"@type\":\"Organization\",\"@id\":\"https:\\\/\\\/www.dayco.com\\\/emea-es\\\/#organization\",\"name\":\"Dayco\",\"alternateName\":\"Dayco\",\"url\":\"https:\\\/\\\/www.dayco.com\\\/emea-es\\\/\",\"logo\":{\"@type\":\"ImageObject\",\"inLanguage\":\"es\",\"@id\":\"https:\\\/\\\/www.dayco.com\\\/emea-es\\\/#\\\/schema\\\/logo\\\/image\\\/\",\"url\":\"https:\\\/\\\/www.dayco.com\\\/wp-content\\\/uploads\\\/2025\\\/04\\\/Dayco-Logo-SEO-Square.jpg\",\"contentUrl\":\"https:\\\/\\\/www.dayco.com\\\/wp-content\\\/uploads\\\/2025\\\/04\\\/Dayco-Logo-SEO-Square.jpg\",\"width\":696,\"height\":696,\"caption\":\"Dayco\"},\"image\":{\"@id\":\"https:\\\/\\\/www.dayco.com\\\/emea-es\\\/#\\\/schema\\\/logo\\\/image\\\/\"},\"sameAs\":[\"https:\\\/\\\/www.facebook.com\\\/DaycoOfficial\\\/\",\"https:\\\/\\\/x.com\\\/DaycoOfficial\",\"https:\\\/\\\/www.instagram.com\\\/daycoofficial\\\/\",\"https:\\\/\\\/www.linkedin.com\\\/company\\\/daycoofficial\\\/\",\"https:\\\/\\\/www.youtube.com\\\/DaycoOfficial\",\"https:\\\/\\\/en.wikipedia.org\\\/wiki\\\/Dayco\"],\"description\":\"Dayco is a global leader in the research, design, manufacture and distribution of essential engine drive systems and aftermarket services for automotive, truck, construction, agriculture and industrial applications. Our mission is to deliver innovative products and services to the market that move the world forward, always. With more than 120 years of engineering heritage, Dayco has built a reputation for delivering reliable, efficient, and high\u2011performance drive systems that support customers around the world in meeting the most demanding application requirements. Our deep technical expertise and continuous commitment to innovation enable us to provide advanced system solutions tailored to the evolving needs of global markets. Dayco\u2019s world\u2011class distribution network supplies the aftermarket with a comprehensive offering of kits and components designed to meet the specific needs of each local market. This capability is strengthened by a dedicated global team that acts with ownership, respects one another, and continuously learns to support our customers with excellence.\",\"legalName\":\"Dayco\",\"foundingDate\":\"1905-05-17\",\"vatID\":\"IT00703890673\",\"taxID\":\"231733979\",\"duns\":\"437654916\",\"numberOfEmployees\":{\"@type\":\"QuantitativeValue\",\"minValue\":\"1001\",\"maxValue\":\"5000\"},\"publishingPrinciples\":\"https:\\\/\\\/www.dayco.com\\\/terms-of-use\\\/\",\"ownershipFundingInfo\":\"https:\\\/\\\/www.dayco.com\\\/leadership\\\/\",\"actionableFeedbackPolicy\":\"https:\\\/\\\/www.dayco.com\\\/code-of-conduct\\\/\",\"correctionsPolicy\":\"https:\\\/\\\/www.dayco.com\\\/code-of-conduct\\\/\",\"ethicsPolicy\":\"https:\\\/\\\/www.dayco.com\\\/sustainability\\\/\",\"diversityPolicy\":\"https:\\\/\\\/www.dayco.com\\\/sustainability\\\/\",\"diversityStaffingReport\":\"https:\\\/\\\/www.dayco.com\\\/sustainability\\\/\"},{\"@type\":\"Person\",\"@id\":\"https:\\\/\\\/www.dayco.com\\\/emea-es\\\/#\\\/schema\\\/person\\\/0325c0932b79e25a59c7d684c556e27e\",\"name\":\"a.driusso\",\"image\":{\"@type\":\"ImageObject\",\"inLanguage\":\"es\",\"@id\":\"https:\\\/\\\/secure.gravatar.com\\\/avatar\\\/c1578f0ddb593c2e69d97faf42acdcb9eda1ae6034563bb3d813690876f825c2?s=96&d=mm&r=g\",\"url\":\"https:\\\/\\\/secure.gravatar.com\\\/avatar\\\/c1578f0ddb593c2e69d97faf42acdcb9eda1ae6034563bb3d813690876f825c2?s=96&d=mm&r=g\",\"contentUrl\":\"https:\\\/\\\/secure.gravatar.com\\\/avatar\\\/c1578f0ddb593c2e69d97faf42acdcb9eda1ae6034563bb3d813690876f825c2?s=96&d=mm&r=g\",\"caption\":\"a.driusso\"}}]}<\/script>\n<!-- \/ Yoast SEO Premium plugin. -->","yoast_head_json":{"title":"Dayco | Banda para Motonieve POWER HPX\u2122 - EMEA | ES","description":"[vc_row type=\u00bbin_container\u00bb full_screen_row_position=\u00bbmiddle\u00bb column_margin=\u00bbdefault\u00bb column_direction=\u00bbdefault\u00bb column_direction_tablet=\u00bbdefault\u00bb column_direction_phone=\u00bbdefault\u00bb scene_position=\u00bbcenter\u00bb text_color=\u00bbdark\u00bb text_align=\u00bbleft\u00bb row_border_radius=\u00bbnone\u00bb row_border_radius_applies=\u00bbbg\u00bb overflow=\u00bbvisible\u00bb overlay_strength=\u00bb0.3&#8243; gradient_direction=\u00bbleft_to_right\u00bb shape_divider_position=\u00bbbottom\u00bb bg_image_animation=\u00bbnone\u00bb][vc_column column_padding=\u00bbno-extra-padding\u00bb column_padding_tablet=\u00bbinherit\u00bb column_padding_phone=\u00bbinherit\u00bb column_padding_position=\u00bball\u00bb column_element_direction_desktop=\u00bbdefault\u00bb column_element_spacing=\u00bbdefault\u00bb desktop_text_alignment=\u00bbdefault\u00bb tablet_text_alignment=\u00bbdefault\u00bb...","robots":{"index":"index","follow":"follow","max-snippet":"max-snippet:-1","max-image-preview":"max-image-preview:large","max-video-preview":"max-video-preview:-1"},"canonical":"https:\/\/www.dayco.com\/emea-es\/products\/aftermarket-products\/correas-cvt\/banda-para-motonieve-power-hpx\/","og_locale":"es_ES","og_type":"article","og_title":"Dayco | Banda para Motonieve POWER HPX\u2122 - EMEA | ES","og_description":"[vc_row type=\u00bbin_container\u00bb full_screen_row_position=\u00bbmiddle\u00bb column_margin=\u00bbdefault\u00bb column_direction=\u00bbdefault\u00bb column_direction_tablet=\u00bbdefault\u00bb column_direction_phone=\u00bbdefault\u00bb scene_position=\u00bbcenter\u00bb text_color=\u00bbdark\u00bb text_align=\u00bbleft\u00bb row_border_radius=\u00bbnone\u00bb row_border_radius_applies=\u00bbbg\u00bb overflow=\u00bbvisible\u00bb overlay_strength=\u00bb0.3&#8243; gradient_direction=\u00bbleft_to_right\u00bb shape_divider_position=\u00bbbottom\u00bb bg_image_animation=\u00bbnone\u00bb][vc_column column_padding=\u00bbno-extra-padding\u00bb column_padding_tablet=\u00bbinherit\u00bb column_padding_phone=\u00bbinherit\u00bb column_padding_position=\u00bball\u00bb column_element_direction_desktop=\u00bbdefault\u00bb column_element_spacing=\u00bbdefault\u00bb desktop_text_alignment=\u00bbdefault\u00bb tablet_text_alignment=\u00bbdefault\u00bb...","og_url":"https:\/\/www.dayco.com\/emea-es\/products\/aftermarket-products\/correas-cvt\/banda-para-motonieve-power-hpx\/","og_site_name":"Dayco Official","article_publisher":"https:\/\/www.facebook.com\/DaycoOfficial\/","article_published_time":"2025-01-01T00:06:08+00:00","article_modified_time":"2025-02-06T15:26:04+00:00","og_image":[{"width":1200,"height":700,"url":"https:\/\/www.dayco.com\/wp-content\/uploads\/2025\/01\/HPX-01.jpg","type":"image\/jpeg"}],"author":"a.driusso","twitter_card":"summary_large_image","twitter_creator":"@DaycoOfficial","twitter_site":"@DaycoOfficial","schema":{"@context":"https:\/\/schema.org","@graph":[{"@type":"Article","@id":"https:\/\/www.dayco.com\/emea-es\/products\/aftermarket-products\/correas-cvt\/banda-para-motonieve-power-hpx\/#article","isPartOf":{"@id":"https:\/\/www.dayco.com\/emea-es\/products\/aftermarket-products\/correas-cvt\/banda-para-motonieve-power-hpx\/"},"author":{"name":"a.driusso","@id":"https:\/\/www.dayco.com\/emea-es\/#\/schema\/person\/0325c0932b79e25a59c7d684c556e27e"},"headline":"Banda para Motonieve POWER HPX\u2122","datePublished":"2025-01-01T00:06:08+00:00","dateModified":"2025-02-06T15:26:04+00:00","mainEntityOfPage":{"@id":"https:\/\/www.dayco.com\/emea-es\/products\/aftermarket-products\/correas-cvt\/banda-para-motonieve-power-hpx\/"},"wordCount":466,"publisher":{"@id":"https:\/\/www.dayco.com\/emea-es\/#organization"},"image":{"@id":"https:\/\/www.dayco.com\/emea-es\/products\/aftermarket-products\/correas-cvt\/banda-para-motonieve-power-hpx\/#primaryimage"},"thumbnailUrl":"https:\/\/www.dayco.com\/wp-content\/uploads\/2025\/01\/HPX-01.jpg","keywords":["powersport-am"],"articleSection":["Correas CVT"],"inLanguage":"es"},{"@type":"WebPage","@id":"https:\/\/www.dayco.com\/emea-es\/products\/aftermarket-products\/correas-cvt\/banda-para-motonieve-power-hpx\/","url":"https:\/\/www.dayco.com\/emea-es\/products\/aftermarket-products\/correas-cvt\/banda-para-motonieve-power-hpx\/","name":"Dayco | Banda para Motonieve POWER HPX\u2122 - [language]","isPartOf":{"@id":"https:\/\/www.dayco.com\/emea-es\/#website"},"primaryImageOfPage":{"@id":"https:\/\/www.dayco.com\/emea-es\/products\/aftermarket-products\/correas-cvt\/banda-para-motonieve-power-hpx\/#primaryimage"},"image":{"@id":"https:\/\/www.dayco.com\/emea-es\/products\/aftermarket-products\/correas-cvt\/banda-para-motonieve-power-hpx\/#primaryimage"},"thumbnailUrl":"https:\/\/www.dayco.com\/wp-content\/uploads\/2025\/01\/HPX-01.jpg","datePublished":"2025-01-01T00:06:08+00:00","dateModified":"2025-02-06T15:26:04+00:00","description":"[post_excerpt]","breadcrumb":{"@id":"https:\/\/www.dayco.com\/emea-es\/products\/aftermarket-products\/correas-cvt\/banda-para-motonieve-power-hpx\/#breadcrumb"},"inLanguage":"es","potentialAction":[{"@type":"ReadAction","target":["https:\/\/www.dayco.com\/emea-es\/products\/aftermarket-products\/correas-cvt\/banda-para-motonieve-power-hpx\/"]}]},{"@type":"ImageObject","inLanguage":"es","@id":"https:\/\/www.dayco.com\/emea-es\/products\/aftermarket-products\/correas-cvt\/banda-para-motonieve-power-hpx\/#primaryimage","url":"https:\/\/www.dayco.com\/wp-content\/uploads\/2025\/01\/HPX-01.jpg","contentUrl":"https:\/\/www.dayco.com\/wp-content\/uploads\/2025\/01\/HPX-01.jpg","width":1200,"height":700},{"@type":"BreadcrumbList","@id":"https:\/\/www.dayco.com\/emea-es\/products\/aftermarket-products\/correas-cvt\/banda-para-motonieve-power-hpx\/#breadcrumb","itemListElement":[{"@type":"ListItem","position":1,"name":"P\u00e1gina Principal","item":"https:\/\/www.dayco.com\/emea-es\/"},{"@type":"ListItem","position":2,"name":"Productos","item":"https:\/\/www.dayco.com\/emea-es\/.\/products\/"},{"@type":"ListItem","position":3,"name":"Productos Aftermarket","item":"https:\/\/www.dayco.com\/emea-es\/.\/products\/aftermarket-products\/"},{"@type":"ListItem","position":4,"name":"Correas CVT","item":"https:\/\/www.dayco.com\/emea-es\/.\/products\/aftermarket-products\/correas-cvt\/"},{"@type":"ListItem","position":5,"name":"Banda para Motonieve POWER HPX\u2122"}]},{"@type":"WebSite","@id":"https:\/\/www.dayco.com\/emea-es\/#website","url":"https:\/\/www.dayco.com\/emea-es\/","name":"Dayco Official","description":"Move Forward. Always.\u2122","publisher":{"@id":"https:\/\/www.dayco.com\/emea-es\/#organization"},"alternateName":"Dayco","potentialAction":[{"@type":"SearchAction","target":{"@type":"EntryPoint","urlTemplate":"https:\/\/www.dayco.com\/emea-es\/?s={search_term_string}"},"query-input":{"@type":"PropertyValueSpecification","valueRequired":true,"valueName":"search_term_string"}}],"inLanguage":"es"},{"@type":"Organization","@id":"https:\/\/www.dayco.com\/emea-es\/#organization","name":"Dayco","alternateName":"Dayco","url":"https:\/\/www.dayco.com\/emea-es\/","logo":{"@type":"ImageObject","inLanguage":"es","@id":"https:\/\/www.dayco.com\/emea-es\/#\/schema\/logo\/image\/","url":"https:\/\/www.dayco.com\/wp-content\/uploads\/2025\/04\/Dayco-Logo-SEO-Square.jpg","contentUrl":"https:\/\/www.dayco.com\/wp-content\/uploads\/2025\/04\/Dayco-Logo-SEO-Square.jpg","width":696,"height":696,"caption":"Dayco"},"image":{"@id":"https:\/\/www.dayco.com\/emea-es\/#\/schema\/logo\/image\/"},"sameAs":["https:\/\/www.facebook.com\/DaycoOfficial\/","https:\/\/x.com\/DaycoOfficial","https:\/\/www.instagram.com\/daycoofficial\/","https:\/\/www.linkedin.com\/company\/daycoofficial\/","https:\/\/www.youtube.com\/DaycoOfficial","https:\/\/en.wikipedia.org\/wiki\/Dayco"],"description":"Dayco is a global leader in the research, design, manufacture and distribution of essential engine drive systems and aftermarket services for automotive, truck, construction, agriculture and industrial applications. Our mission is to deliver innovative products and services to the market that move the world forward, always. With more than 120 years of engineering heritage, Dayco has built a reputation for delivering reliable, efficient, and high\u2011performance drive systems that support customers around the world in meeting the most demanding application requirements. Our deep technical expertise and continuous commitment to innovation enable us to provide advanced system solutions tailored to the evolving needs of global markets. Dayco\u2019s world\u2011class distribution network supplies the aftermarket with a comprehensive offering of kits and components designed to meet the specific needs of each local market. This capability is strengthened by a dedicated global team that acts with ownership, respects one another, and continuously learns to support our customers with excellence.","legalName":"Dayco","foundingDate":"1905-05-17","vatID":"IT00703890673","taxID":"231733979","duns":"437654916","numberOfEmployees":{"@type":"QuantitativeValue","minValue":"1001","maxValue":"5000"},"publishingPrinciples":"https:\/\/www.dayco.com\/terms-of-use\/","ownershipFundingInfo":"https:\/\/www.dayco.com\/leadership\/","actionableFeedbackPolicy":"https:\/\/www.dayco.com\/code-of-conduct\/","correctionsPolicy":"https:\/\/www.dayco.com\/code-of-conduct\/","ethicsPolicy":"https:\/\/www.dayco.com\/sustainability\/","diversityPolicy":"https:\/\/www.dayco.com\/sustainability\/","diversityStaffingReport":"https:\/\/www.dayco.com\/sustainability\/"},{"@type":"Person","@id":"https:\/\/www.dayco.com\/emea-es\/#\/schema\/person\/0325c0932b79e25a59c7d684c556e27e","name":"a.driusso","image":{"@type":"ImageObject","inLanguage":"es","@id":"https:\/\/secure.gravatar.com\/avatar\/c1578f0ddb593c2e69d97faf42acdcb9eda1ae6034563bb3d813690876f825c2?s=96&d=mm&r=g","url":"https:\/\/secure.gravatar.com\/avatar\/c1578f0ddb593c2e69d97faf42acdcb9eda1ae6034563bb3d813690876f825c2?s=96&d=mm&r=g","contentUrl":"https:\/\/secure.gravatar.com\/avatar\/c1578f0ddb593c2e69d97faf42acdcb9eda1ae6034563bb3d813690876f825c2?s=96&d=mm&r=g","caption":"a.driusso"}}]}},"_links":{"self":[{"href":"https:\/\/www.dayco.com\/emea-es\/wp-json\/wp\/v2\/posts\/27604","targetHints":{"allow":["GET"]}}],"collection":[{"href":"https:\/\/www.dayco.com\/emea-es\/wp-json\/wp\/v2\/posts"}],"about":[{"href":"https:\/\/www.dayco.com\/emea-es\/wp-json\/wp\/v2\/types\/post"}],"author":[{"embeddable":true,"href":"https:\/\/www.dayco.com\/emea-es\/wp-json\/wp\/v2\/users\/7"}],"replies":[{"embeddable":true,"href":"https:\/\/www.dayco.com\/emea-es\/wp-json\/wp\/v2\/comments?post=27604"}],"version-history":[{"count":0,"href":"https:\/\/www.dayco.com\/emea-es\/wp-json\/wp\/v2\/posts\/27604\/revisions"}],"wp:featuredmedia":[{"embeddable":true,"href":"https:\/\/www.dayco.com\/emea-es\/wp-json\/wp\/v2\/media\/21106"}],"wp:attachment":[{"href":"https:\/\/www.dayco.com\/emea-es\/wp-json\/wp\/v2\/media?parent=27604"}],"wp:term":[{"taxonomy":"category","embeddable":true,"href":"https:\/\/www.dayco.com\/emea-es\/wp-json\/wp\/v2\/categories?post=27604"},{"taxonomy":"post_tag","embeddable":true,"href":"https:\/\/www.dayco.com\/emea-es\/wp-json\/wp\/v2\/tags?post=27604"}],"curies":[{"name":"wp","href":"https:\/\/api.w.org\/{rel}","templated":true}]}}